{"id":18407,"date":"2025-01-21T08:00:00","date_gmt":"2025-01-21T08:00:00","guid":{"rendered":"https:\/\/magenarquitectos.com\/?p=18407"},"modified":"2025-01-02T16:49:11","modified_gmt":"2025-01-02T16:49:11","slug":"la-facultad-de-filosofia-y-letras-publicada-en-via-construccion-no169","status":"publish","type":"post","link":"https:\/\/magenarquitectos.com\/en\/la-facultad-de-filosofia-y-letras-publicada-en-via-construccion-no169\/","title":{"rendered":"La Facultad de Filosof\u00eda y Letras, publicada en V\u00eda Construcci\u00f3n n\u00ba169"},"content":{"rendered":"\n<p>Architectural publication Via Construccion features Philosophy Faculty of University of Zaragoza, one of the latest works by Magen Arquitectos, in its 169 issue.<\/p>\n\n\n\n<p><\/p>\n\n\n\n<figure class=\"wp-block-image size-large\"><img loading=\"lazy\" width=\"720\" height=\"1024\" src=\"https:\/\/magenarquitectos.com\/wp-content\/uploads\/2025\/01\/filosofia_viaconstruccion-720x1024.jpg\" alt=\"\" class=\"wp-image-18408\" srcset=\"https:\/\/magenarquitectos.com\/wp-content\/uploads\/2025\/01\/filosofia_viaconstruccion-720x1024.jpg 720w, https:\/\/magenarquitectos.com\/wp-content\/uploads\/2025\/01\/filosofia_viaconstruccion-211x300.jpg 211w, https:\/\/magenarquitectos.com\/wp-content\/uploads\/2025\/01\/filosofia_viaconstruccion-768x1092.jpg 768w, https:\/\/magenarquitectos.com\/wp-content\/uploads\/2025\/01\/filosofia_viaconstruccion-1081x1536.jpg 1081w, https:\/\/magenarquitectos.com\/wp-content\/uploads\/2025\/01\/filosofia_viaconstruccion.jpg 1234w\" sizes=\"(max-width: 720px) 100vw, 720px\" title=\"\"><\/figure>\n","protected":false},"excerpt":{"rendered":"<p>Architectural publication Via Construccion features Philosophy Faculty of University of Zaragoza, one of the latest works by Magen Arquitectos, in its 169 issue.<\/p>\n","protected":false},"author":1,"featured_media":0,"comment_status":"open","ping_status":"open","sticky":false,"template":"","format":"standard","meta":{"_monsterinsights_skip_tracking":false,"_monsterinsights_sitenote_active":false,"_monsterinsights_sitenote_note":"","_monsterinsights_sitenote_category":0},"categories":[76,78,65,139,92],"tags":[115,134,80,140,93,94,82,83,166,74],"_links":{"self":[{"href":"https:\/\/magenarquitectos.com\/en\/wp-json\/wp\/v2\/posts\/18407"}],"collection":[{"href":"https:\/\/magenarquitectos.com\/en\/wp-json\/wp\/v2\/posts"}],"about":[{"href":"https:\/\/magenarquitectos.com\/en\/wp-json\/wp\/v2\/types\/post"}],"author":[{"embeddable":true,"href":"https:\/\/magenarquitectos.com\/en\/wp-json\/wp\/v2\/users\/1"}],"replies":[{"embeddable":true,"href":"https:\/\/magenarquitectos.com\/en\/wp-json\/wp\/v2\/comments?post=18407"}],"version-history":[{"count":1,"href":"https:\/\/magenarquitectos.com\/en\/wp-json\/wp\/v2\/posts\/18407\/revisions"}],"predecessor-version":[{"id":18410,"href":"https:\/\/magenarquitectos.com\/en\/wp-json\/wp\/v2\/posts\/18407\/revisions\/18410"}],"wp:attachment":[{"href":"https:\/\/magenarquitectos.com\/en\/wp-json\/wp\/v2\/media?parent=18407"}],"wp:term":[{"taxonomy":"category","embeddable":true,"href":"https:\/\/magenarquitectos.com\/en\/wp-json\/wp\/v2\/categories?post=18407"},{"taxonomy":"post_tag","embeddable":true,"href":"https:\/\/magenarquitectos.com\/en\/wp-json\/wp\/v2\/tags?post=18407"}],"curies":[{"name":"wp","href":"https:\/\/api.w.org\/{rel}","templated":true}]}}