{"id":18433,"date":"2025-02-11T11:52:55","date_gmt":"2025-02-11T11:52:55","guid":{"rendered":"https:\/\/magenarquitectos.com\/?p=18433"},"modified":"2025-02-11T12:01:17","modified_gmt":"2025-02-11T12:01:17","slug":"la-escuela-primaria-havel-en-spandau-publicada-en-metalocus","status":"publish","type":"post","link":"https:\/\/magenarquitectos.com\/en\/la-escuela-primaria-havel-en-spandau-publicada-en-metalocus\/","title":{"rendered":"La Escuela Primaria Havel en Spandau, publicada en Metalocus"},"content":{"rendered":"\n<p>El portal de arquitectura METALOCUS publica un art\u00edculo sobre la Escuela Primaria Havel en Spandau, obra reciente de SulitzeMu\u00f1oz Arquitectos + Mag\u00e9n Arquitectos. <a href=\"https:\/\/www.metalocus.es\/es\/noticias\/adecuacion-del-entorno-urbano-escuela-primaria-inclusiva-havel-por-sulitze-munoz-magen\" rel=\"nofollow noopener\" target=\"_blank\">Art\u00edculo completo<\/a><\/p>\n\n\n\n<p>METALOCUS&nbsp; features one of the latest projects of SulitzeMu\u00f1oz Arquitectos +  Magen Arquitectos, Havel Primary School in Spandau. <a href=\"https:\/\/www.metalocus.es\/en\/news\/adaptation-urban-environment-havel-inclusive-primary-school-sulitze-munoz-magen\" rel=\"nofollow noopener\" target=\"_blank\">Full Article&nbsp;<\/a><\/p>\n\n\n\n<figure class=\"wp-block-image size-large\"><img loading=\"lazy\" width=\"1024\" height=\"1007\" src=\"https:\/\/magenarquitectos.com\/wp-content\/uploads\/2025\/02\/spandau_metalocus-1024x1007.jpg\" alt=\"\" class=\"wp-image-18434\" srcset=\"https:\/\/magenarquitectos.com\/wp-content\/uploads\/2025\/02\/spandau_metalocus-1024x1007.jpg 1024w, https:\/\/magenarquitectos.com\/wp-content\/uploads\/2025\/02\/spandau_metalocus-300x295.jpg 300w, https:\/\/magenarquitectos.com\/wp-content\/uploads\/2025\/02\/spandau_metalocus-768x756.jpg 768w, https:\/\/magenarquitectos.com\/wp-content\/uploads\/2025\/02\/spandau_metalocus.jpg 1240w\" sizes=\"(max-width: 1024px) 100vw, 1024px\" title=\"\"><\/figure>\n","protected":false},"excerpt":{"rendered":"<p>El portal de arquitectura METALOCUS publica un art\u00edculo sobre la Escuela Primaria Havel en Spandau, obra reciente de SulitzeMu\u00f1oz Arquitectos + Mag\u00e9n Arquitectos. Art\u00edculo completo METALOCUS&nbsp; features one of the latest projects of SulitzeMu\u00f1oz Arquitectos + Magen Arquitectos, Havel Primary School in Spandau. Full Article&nbsp;<\/p>\n","protected":false},"author":1,"featured_media":0,"comment_status":"open","ping_status":"open","sticky":false,"template":"","format":"standard","meta":{"_monsterinsights_skip_tracking":false,"_monsterinsights_sitenote_active":false,"_monsterinsights_sitenote_note":"","_monsterinsights_sitenote_category":0},"categories":[65,139,125,90,194],"tags":[114,115,229,134,80,140,74],"_links":{"self":[{"href":"https:\/\/magenarquitectos.com\/en\/wp-json\/wp\/v2\/posts\/18433"}],"collection":[{"href":"https:\/\/magenarquitectos.com\/en\/wp-json\/wp\/v2\/posts"}],"about":[{"href":"https:\/\/magenarquitectos.com\/en\/wp-json\/wp\/v2\/types\/post"}],"author":[{"embeddable":true,"href":"https:\/\/magenarquitectos.com\/en\/wp-json\/wp\/v2\/users\/1"}],"replies":[{"embeddable":true,"href":"https:\/\/magenarquitectos.com\/en\/wp-json\/wp\/v2\/comments?post=18433"}],"version-history":[{"count":3,"href":"https:\/\/magenarquitectos.com\/en\/wp-json\/wp\/v2\/posts\/18433\/revisions"}],"predecessor-version":[{"id":18438,"href":"https:\/\/magenarquitectos.com\/en\/wp-json\/wp\/v2\/posts\/18433\/revisions\/18438"}],"wp:attachment":[{"href":"https:\/\/magenarquitectos.com\/en\/wp-json\/wp\/v2\/media?parent=18433"}],"wp:term":[{"taxonomy":"category","embeddable":true,"href":"https:\/\/magenarquitectos.com\/en\/wp-json\/wp\/v2\/categories?post=18433"},{"taxonomy":"post_tag","embeddable":true,"href":"https:\/\/magenarquitectos.com\/en\/wp-json\/wp\/v2\/tags?post=18433"}],"curies":[{"name":"wp","href":"https:\/\/api.w.org\/{rel}","templated":true}]}}