{"id":18453,"date":"2025-03-06T08:00:00","date_gmt":"2025-03-06T08:00:00","guid":{"rendered":"https:\/\/magenarquitectos.com\/?p=18453"},"modified":"2025-02-22T20:15:17","modified_gmt":"2025-02-22T20:15:17","slug":"en-construccion-rehabilitacion-del-edificio-pignatelli-del-gobierno-de-aragon","status":"publish","type":"post","link":"https:\/\/magenarquitectos.com\/en\/en-construccion-rehabilitacion-del-edificio-pignatelli-del-gobierno-de-aragon\/","title":{"rendered":"En construcci\u00f3n: Rehabilitaci\u00f3n del edificio Pignatelli del Gobierno de Arag\u00f3n"},"content":{"rendered":"\n<figure class=\"wp-block-image size-full\"><img loading=\"lazy\" width=\"794\" height=\"1240\" src=\"https:\/\/magenarquitectos.com\/wp-content\/uploads\/2025\/02\/pignatelli_1902_1.jpg\" alt=\"\" class=\"wp-image-18454\" srcset=\"https:\/\/magenarquitectos.com\/wp-content\/uploads\/2025\/02\/pignatelli_1902_1.jpg 794w, https:\/\/magenarquitectos.com\/wp-content\/uploads\/2025\/02\/pignatelli_1902_1-192x300.jpg 192w, https:\/\/magenarquitectos.com\/wp-content\/uploads\/2025\/02\/pignatelli_1902_1-656x1024.jpg 656w, https:\/\/magenarquitectos.com\/wp-content\/uploads\/2025\/02\/pignatelli_1902_1-768x1199.jpg 768w\" sizes=\"(max-width: 794px) 100vw, 794px\" title=\"\"><\/figure>\n\n\n\n<figure class=\"wp-block-image size-large\"><img loading=\"lazy\" width=\"823\" height=\"1024\" src=\"https:\/\/magenarquitectos.com\/wp-content\/uploads\/2025\/02\/pignatelli_1902_2-823x1024.jpg\" alt=\"\" class=\"wp-image-18456\" srcset=\"https:\/\/magenarquitectos.com\/wp-content\/uploads\/2025\/02\/pignatelli_1902_2-823x1024.jpg 823w, https:\/\/magenarquitectos.com\/wp-content\/uploads\/2025\/02\/pignatelli_1902_2-241x300.jpg 241w, https:\/\/magenarquitectos.com\/wp-content\/uploads\/2025\/02\/pignatelli_1902_2-768x956.jpg 768w, https:\/\/magenarquitectos.com\/wp-content\/uploads\/2025\/02\/pignatelli_1902_2.jpg 996w\" sizes=\"(max-width: 823px) 100vw, 823px\" title=\"\"><\/figure>\n\n\n\n<figure class=\"wp-block-image size-large\"><img loading=\"lazy\" width=\"1024\" height=\"829\" src=\"https:\/\/magenarquitectos.com\/wp-content\/uploads\/2025\/02\/pignatelli_1902_3-1024x829.jpg\" alt=\"\" class=\"wp-image-18458\" srcset=\"https:\/\/magenarquitectos.com\/wp-content\/uploads\/2025\/02\/pignatelli_1902_3-1024x829.jpg 1024w, https:\/\/magenarquitectos.com\/wp-content\/uploads\/2025\/02\/pignatelli_1902_3-300x243.jpg 300w, https:\/\/magenarquitectos.com\/wp-content\/uploads\/2025\/02\/pignatelli_1902_3-768x622.jpg 768w, https:\/\/magenarquitectos.com\/wp-content\/uploads\/2025\/02\/pignatelli_1902_3.jpg 1240w\" sizes=\"(max-width: 1024px) 100vw, 1024px\" title=\"\"><\/figure>\n\n\n\n<figure class=\"wp-block-image size-large\"><img loading=\"lazy\" width=\"768\" height=\"1024\" src=\"https:\/\/magenarquitectos.com\/wp-content\/uploads\/2025\/02\/pignatelli_1902_4-768x1024.jpg\" alt=\"\" class=\"wp-image-18460\" srcset=\"https:\/\/magenarquitectos.com\/wp-content\/uploads\/2025\/02\/pignatelli_1902_4-768x1024.jpg 768w, https:\/\/magenarquitectos.com\/wp-content\/uploads\/2025\/02\/pignatelli_1902_4-225x300.jpg 225w, https:\/\/magenarquitectos.com\/wp-content\/uploads\/2025\/02\/pignatelli_1902_4.jpg 930w\" sizes=\"(max-width: 768px) 100vw, 768px\" title=\"\"><\/figure>\n","protected":false},"excerpt":{"rendered":"","protected":false},"author":1,"featured_media":0,"comment_status":"open","ping_status":"open","sticky":false,"template":"","format":"standard","meta":{"_monsterinsights_skip_tracking":false,"_monsterinsights_sitenote_active":false,"_monsterinsights_sitenote_note":"","_monsterinsights_sitenote_category":0},"categories":[77,97,125,92],"tags":[115,80,93,94,74],"_links":{"self":[{"href":"https:\/\/magenarquitectos.com\/en\/wp-json\/wp\/v2\/posts\/18453"}],"collection":[{"href":"https:\/\/magenarquitectos.com\/en\/wp-json\/wp\/v2\/posts"}],"about":[{"href":"https:\/\/magenarquitectos.com\/en\/wp-json\/wp\/v2\/types\/post"}],"author":[{"embeddable":true,"href":"https:\/\/magenarquitectos.com\/en\/wp-json\/wp\/v2\/users\/1"}],"replies":[{"embeddable":true,"href":"https:\/\/magenarquitectos.com\/en\/wp-json\/wp\/v2\/comments?post=18453"}],"version-history":[{"count":2,"href":"https:\/\/magenarquitectos.com\/en\/wp-json\/wp\/v2\/posts\/18453\/revisions"}],"predecessor-version":[{"id":18463,"href":"https:\/\/magenarquitectos.com\/en\/wp-json\/wp\/v2\/posts\/18453\/revisions\/18463"}],"wp:attachment":[{"href":"https:\/\/magenarquitectos.com\/en\/wp-json\/wp\/v2\/media?parent=18453"}],"wp:term":[{"taxonomy":"category","embeddable":true,"href":"https:\/\/magenarquitectos.com\/en\/wp-json\/wp\/v2\/categories?post=18453"},{"taxonomy":"post_tag","embeddable":true,"href":"https:\/\/magenarquitectos.com\/en\/wp-json\/wp\/v2\/tags?post=18453"}],"curies":[{"name":"wp","href":"https:\/\/api.w.org\/{rel}","templated":true}]}}