{"id":18465,"date":"2025-02-26T08:00:00","date_gmt":"2025-02-26T08:00:00","guid":{"rendered":"https:\/\/magenarquitectos.com\/?p=18465"},"modified":"2025-02-25T19:02:13","modified_gmt":"2025-02-25T19:02:13","slug":"conferencia-en-la-etsaun-magen-arquitectos-materialidad-en-contexto","status":"publish","type":"post","link":"https:\/\/magenarquitectos.com\/en\/conferencia-en-la-etsaun-magen-arquitectos-materialidad-en-contexto\/","title":{"rendered":"Conferencia en la ETSAUN: &#8220;Mag\u00e9n Arquitectos: materialidad en contexto&#8221;"},"content":{"rendered":"\n<p>El viernes 28 de Febrero tendr\u00e1 lugar en la Escuela de Arquitectura de la Universidad de Navarra (ETSAUN) la conferencia &#8220;Mag\u00e9n Arquitectos: materialidad en contexto&#8221; impartida por Jaime Mag\u00e9n.<\/p>\n\n\n\n<figure class=\"wp-block-image size-large\"><img loading=\"lazy\" width=\"668\" height=\"1024\" src=\"https:\/\/magenarquitectos.com\/wp-content\/uploads\/2025\/02\/magen_etsaun-668x1024.jpg\" alt=\"\" class=\"wp-image-18466\" srcset=\"https:\/\/magenarquitectos.com\/wp-content\/uploads\/2025\/02\/magen_etsaun-668x1024.jpg 668w, https:\/\/magenarquitectos.com\/wp-content\/uploads\/2025\/02\/magen_etsaun-196x300.jpg 196w, https:\/\/magenarquitectos.com\/wp-content\/uploads\/2025\/02\/magen_etsaun-768x1177.jpg 768w, https:\/\/magenarquitectos.com\/wp-content\/uploads\/2025\/02\/magen_etsaun.jpg 809w\" sizes=\"(max-width: 668px) 100vw, 668px\" title=\"\"><\/figure>\n","protected":false},"excerpt":{"rendered":"<p>El viernes 28 de Febrero tendr\u00e1 lugar en la Escuela de Arquitectura de la Universidad de Navarra (ETSAUN) la conferencia &#8220;Mag\u00e9n Arquitectos: materialidad en contexto&#8221; impartida por Jaime Mag\u00e9n.<\/p>\n","protected":false},"author":1,"featured_media":0,"comment_status":"open","ping_status":"open","sticky":false,"template":"","format":"standard","meta":{"_monsterinsights_skip_tracking":false,"_monsterinsights_sitenote_active":false,"_monsterinsights_sitenote_note":"","_monsterinsights_sitenote_category":0},"categories":[196,217],"tags":[115,129,166,74],"_links":{"self":[{"href":"https:\/\/magenarquitectos.com\/en\/wp-json\/wp\/v2\/posts\/18465"}],"collection":[{"href":"https:\/\/magenarquitectos.com\/en\/wp-json\/wp\/v2\/posts"}],"about":[{"href":"https:\/\/magenarquitectos.com\/en\/wp-json\/wp\/v2\/types\/post"}],"author":[{"embeddable":true,"href":"https:\/\/magenarquitectos.com\/en\/wp-json\/wp\/v2\/users\/1"}],"replies":[{"embeddable":true,"href":"https:\/\/magenarquitectos.com\/en\/wp-json\/wp\/v2\/comments?post=18465"}],"version-history":[{"count":1,"href":"https:\/\/magenarquitectos.com\/en\/wp-json\/wp\/v2\/posts\/18465\/revisions"}],"predecessor-version":[{"id":18468,"href":"https:\/\/magenarquitectos.com\/en\/wp-json\/wp\/v2\/posts\/18465\/revisions\/18468"}],"wp:attachment":[{"href":"https:\/\/magenarquitectos.com\/en\/wp-json\/wp\/v2\/media?parent=18465"}],"wp:term":[{"taxonomy":"category","embeddable":true,"href":"https:\/\/magenarquitectos.com\/en\/wp-json\/wp\/v2\/categories?post=18465"},{"taxonomy":"post_tag","embeddable":true,"href":"https:\/\/magenarquitectos.com\/en\/wp-json\/wp\/v2\/tags?post=18465"}],"curies":[{"name":"wp","href":"https:\/\/api.w.org\/{rel}","templated":true}]}}