{"id":18526,"date":"2025-03-25T08:00:00","date_gmt":"2025-03-25T08:00:00","guid":{"rendered":"https:\/\/magenarquitectos.com\/?p=18526"},"modified":"2025-03-24T18:08:23","modified_gmt":"2025-03-24T18:08:23","slug":"la-facultad-de-filosofia-y-letras-nominada-a-obra-del-ano-2025","status":"publish","type":"post","link":"https:\/\/magenarquitectos.com\/en\/la-facultad-de-filosofia-y-letras-nominada-a-obra-del-ano-2025\/","title":{"rendered":"La Facultad de Filosof\u00eda y Letras nominada a Obra del A\u00f1o 2025"},"content":{"rendered":"\n<p>La Facultad de Filosof\u00eda y Letras de la Universidad de Zaragoza es una de las candidatas a Obra de A\u00f1o 2025, en la categor\u00eda de Arquitectura Educacional, para Archdaily, el portal en Espa\u00f1ol  m\u00e1s visitado dedicado a la Arquitectura. <\/p>\n\n\n\n<p>Se puede votar en el siguiente enlace: <a href=\"https:\/\/oda.archdaily.cl\/cl\/2025\/candidates\/178530\/reforma-y-ampliacion-de-la-facultad-de-filosofia-y-letras-de-la-universidad-de-zaragoza-slash-magen-arquitectos\" rel=\"nofollow noopener\" target=\"_blank\">Vota aqu\u00ed <\/a><\/p>\n\n\n\n<figure class=\"wp-block-image size-full\"><img loading=\"lazy\" width=\"1080\" height=\"1920\" src=\"https:\/\/magenarquitectos.com\/wp-content\/uploads\/2025\/03\/FORMATO-HISTORIA-AD.jpg\" alt=\"\" class=\"wp-image-18527\" srcset=\"https:\/\/magenarquitectos.com\/wp-content\/uploads\/2025\/03\/FORMATO-HISTORIA-AD.jpg 1080w, https:\/\/magenarquitectos.com\/wp-content\/uploads\/2025\/03\/FORMATO-HISTORIA-AD-169x300.jpg 169w, https:\/\/magenarquitectos.com\/wp-content\/uploads\/2025\/03\/FORMATO-HISTORIA-AD-576x1024.jpg 576w, https:\/\/magenarquitectos.com\/wp-content\/uploads\/2025\/03\/FORMATO-HISTORIA-AD-768x1365.jpg 768w, https:\/\/magenarquitectos.com\/wp-content\/uploads\/2025\/03\/FORMATO-HISTORIA-AD-864x1536.jpg 864w\" sizes=\"(max-width: 1080px) 100vw, 1080px\" title=\"\"><\/figure>\n","protected":false},"excerpt":{"rendered":"<p>La Facultad de Filosof\u00eda y Letras de la Universidad de Zaragoza es una de las candidatas a Obra de A\u00f1o 2025, en la categor\u00eda de Arquitectura Educacional, para Archdaily, el portal en Espa\u00f1ol m\u00e1s visitado dedicado a la Arquitectura. Se puede votar en el siguiente enlace: Vota aqu\u00ed<\/p>\n","protected":false},"author":1,"featured_media":0,"comment_status":"open","ping_status":"open","sticky":false,"template":"","format":"standard","meta":{"_monsterinsights_skip_tracking":false,"_monsterinsights_sitenote_active":false,"_monsterinsights_sitenote_note":"","_monsterinsights_sitenote_category":0},"categories":[195,76,65,139,125,113],"tags":[115,134,80,93,94,82,83,166,74],"_links":{"self":[{"href":"https:\/\/magenarquitectos.com\/en\/wp-json\/wp\/v2\/posts\/18526"}],"collection":[{"href":"https:\/\/magenarquitectos.com\/en\/wp-json\/wp\/v2\/posts"}],"about":[{"href":"https:\/\/magenarquitectos.com\/en\/wp-json\/wp\/v2\/types\/post"}],"author":[{"embeddable":true,"href":"https:\/\/magenarquitectos.com\/en\/wp-json\/wp\/v2\/users\/1"}],"replies":[{"embeddable":true,"href":"https:\/\/magenarquitectos.com\/en\/wp-json\/wp\/v2\/comments?post=18526"}],"version-history":[{"count":2,"href":"https:\/\/magenarquitectos.com\/en\/wp-json\/wp\/v2\/posts\/18526\/revisions"}],"predecessor-version":[{"id":18530,"href":"https:\/\/magenarquitectos.com\/en\/wp-json\/wp\/v2\/posts\/18526\/revisions\/18530"}],"wp:attachment":[{"href":"https:\/\/magenarquitectos.com\/en\/wp-json\/wp\/v2\/media?parent=18526"}],"wp:term":[{"taxonomy":"category","embeddable":true,"href":"https:\/\/magenarquitectos.com\/en\/wp-json\/wp\/v2\/categories?post=18526"},{"taxonomy":"post_tag","embeddable":true,"href":"https:\/\/magenarquitectos.com\/en\/wp-json\/wp\/v2\/tags?post=18526"}],"curies":[{"name":"wp","href":"https:\/\/api.w.org\/{rel}","templated":true}]}}