{"id":18546,"date":"2025-04-23T07:30:00","date_gmt":"2025-04-23T07:30:00","guid":{"rendered":"https:\/\/magenarquitectos.com\/?p=18546"},"modified":"2025-04-21T16:55:51","modified_gmt":"2025-04-21T16:55:51","slug":"23-de-abril-dia-de-aragon","status":"publish","type":"post","link":"https:\/\/magenarquitectos.com\/en\/23-de-abril-dia-de-aragon\/","title":{"rendered":"23 de Abril. D\u00eda de Arag\u00f3n"},"content":{"rendered":"\n<figure class=\"wp-block-image size-large\"><img loading=\"lazy\" width=\"790\" height=\"1024\" src=\"https:\/\/magenarquitectos.com\/wp-content\/uploads\/2025\/04\/arqui_dia_aragon-790x1024.jpg\" alt=\"\" class=\"wp-image-18547\" srcset=\"https:\/\/magenarquitectos.com\/wp-content\/uploads\/2025\/04\/arqui_dia_aragon-790x1024.jpg 790w, https:\/\/magenarquitectos.com\/wp-content\/uploads\/2025\/04\/arqui_dia_aragon-231x300.jpg 231w, https:\/\/magenarquitectos.com\/wp-content\/uploads\/2025\/04\/arqui_dia_aragon-768x996.jpg 768w, https:\/\/magenarquitectos.com\/wp-content\/uploads\/2025\/04\/arqui_dia_aragon.jpg 914w\" sizes=\"(max-width: 790px) 100vw, 790px\" title=\"\"><figcaption>(De norte a sur, de oeste a este) <br>Rehabilitaci\u00f3n del Palacio Municipal de Deportes, Huesca<br>44 viviendas protegidas en Tauste<br>Centro de Emergencias y Seguridad Ciudadana, Huesca<br>Auditorio de Illueca<br>Centro Ambiental del Ebro<br>Centro de Educaci\u00f3n Infantil Arcosur<br>Ayuntamiento de Escatr\u00f3n<br>Facultad de Filosof\u00eda y Letras de la Universidad de Zaragoza<br>Sede de la Comarca del Bajo Mart\u00edn, H\u00edjar<br>Rehabilitaci\u00f3n de la Casa-Palacio Julve, Alca\u00f1iz<\/figcaption><\/figure>\n","protected":false},"excerpt":{"rendered":"","protected":false},"author":1,"featured_media":0,"comment_status":"open","ping_status":"open","sticky":false,"template":"","format":"standard","meta":{"_monsterinsights_skip_tracking":false,"_monsterinsights_sitenote_active":false,"_monsterinsights_sitenote_note":"","_monsterinsights_sitenote_category":0},"categories":[76,15,77,78,65,66,67,139,132,125,92],"tags":[115,127,134,80,140,85,93,94,104,82,83,105,166,96,74],"_links":{"self":[{"href":"https:\/\/magenarquitectos.com\/en\/wp-json\/wp\/v2\/posts\/18546"}],"collection":[{"href":"https:\/\/magenarquitectos.com\/en\/wp-json\/wp\/v2\/posts"}],"about":[{"href":"https:\/\/magenarquitectos.com\/en\/wp-json\/wp\/v2\/types\/post"}],"author":[{"embeddable":true,"href":"https:\/\/magenarquitectos.com\/en\/wp-json\/wp\/v2\/users\/1"}],"replies":[{"embeddable":true,"href":"https:\/\/magenarquitectos.com\/en\/wp-json\/wp\/v2\/comments?post=18546"}],"version-history":[{"count":1,"href":"https:\/\/magenarquitectos.com\/en\/wp-json\/wp\/v2\/posts\/18546\/revisions"}],"predecessor-version":[{"id":18549,"href":"https:\/\/magenarquitectos.com\/en\/wp-json\/wp\/v2\/posts\/18546\/revisions\/18549"}],"wp:attachment":[{"href":"https:\/\/magenarquitectos.com\/en\/wp-json\/wp\/v2\/media?parent=18546"}],"wp:term":[{"taxonomy":"category","embeddable":true,"href":"https:\/\/magenarquitectos.com\/en\/wp-json\/wp\/v2\/categories?post=18546"},{"taxonomy":"post_tag","embeddable":true,"href":"https:\/\/magenarquitectos.com\/en\/wp-json\/wp\/v2\/tags?post=18546"}],"curies":[{"name":"wp","href":"https:\/\/api.w.org\/{rel}","templated":true}]}}