{"id":18562,"date":"2025-05-30T10:50:19","date_gmt":"2025-05-30T10:50:19","guid":{"rendered":"https:\/\/magenarquitectos.com\/?p=18562"},"modified":"2025-05-30T10:57:12","modified_gmt":"2025-05-30T10:57:12","slug":"xxxix-premio-fernando-garcia-mercadal","status":"publish","type":"post","link":"https:\/\/magenarquitectos.com\/en\/xxxix-premio-fernando-garcia-mercadal\/","title":{"rendered":"XXXIX Premio Fernando Garc\u00eda Mercadal."},"content":{"rendered":"\n<p>La Rehabilitaci\u00f3n Integral y el nuevo Edificio Departamental de la Facultad de Filosof\u00eda y Letras de la Universidad de Zaragoza ha ganado el XXXIX Premio Fernando Garc\u00eda Mercadal, otorgado por el Colegio Oficial de Arquitectos de Arag\u00f3n<\/p>\n\n\n\n<figure class=\"wp-block-image size-large\"><img loading=\"lazy\" width=\"1024\" height=\"682\" src=\"https:\/\/magenarquitectos.com\/wp-content\/uploads\/2025\/05\/filosofia_mercadal-1024x682.jpg\" alt=\"\" class=\"wp-image-18563\" srcset=\"https:\/\/magenarquitectos.com\/wp-content\/uploads\/2025\/05\/filosofia_mercadal-1024x682.jpg 1024w, https:\/\/magenarquitectos.com\/wp-content\/uploads\/2025\/05\/filosofia_mercadal-300x200.jpg 300w, https:\/\/magenarquitectos.com\/wp-content\/uploads\/2025\/05\/filosofia_mercadal-768x512.jpg 768w, https:\/\/magenarquitectos.com\/wp-content\/uploads\/2025\/05\/filosofia_mercadal.jpg 1181w\" sizes=\"(max-width: 1024px) 100vw, 1024px\" title=\"\"><\/figure>\n","protected":false},"excerpt":{"rendered":"<p>La Rehabilitaci\u00f3n Integral y el nuevo Edificio Departamental de la Facultad de Filosof\u00eda y Letras de la Universidad de Zaragoza ha ganado el XXXIX Premio Fernando Garc\u00eda Mercadal, otorgado por el Colegio Oficial de Arquitectos de Arag\u00f3n<\/p>\n","protected":false},"author":1,"featured_media":0,"comment_status":"open","ping_status":"open","sticky":false,"template":"","format":"standard","meta":{"_monsterinsights_skip_tracking":false,"_monsterinsights_sitenote_active":false,"_monsterinsights_sitenote_note":"","_monsterinsights_sitenote_category":0},"categories":[195,65,139,125,113],"tags":[115,134,80,140,93,94,82,83,166,74],"_links":{"self":[{"href":"https:\/\/magenarquitectos.com\/en\/wp-json\/wp\/v2\/posts\/18562"}],"collection":[{"href":"https:\/\/magenarquitectos.com\/en\/wp-json\/wp\/v2\/posts"}],"about":[{"href":"https:\/\/magenarquitectos.com\/en\/wp-json\/wp\/v2\/types\/post"}],"author":[{"embeddable":true,"href":"https:\/\/magenarquitectos.com\/en\/wp-json\/wp\/v2\/users\/1"}],"replies":[{"embeddable":true,"href":"https:\/\/magenarquitectos.com\/en\/wp-json\/wp\/v2\/comments?post=18562"}],"version-history":[{"count":1,"href":"https:\/\/magenarquitectos.com\/en\/wp-json\/wp\/v2\/posts\/18562\/revisions"}],"predecessor-version":[{"id":18565,"href":"https:\/\/magenarquitectos.com\/en\/wp-json\/wp\/v2\/posts\/18562\/revisions\/18565"}],"wp:attachment":[{"href":"https:\/\/magenarquitectos.com\/en\/wp-json\/wp\/v2\/media?parent=18562"}],"wp:term":[{"taxonomy":"category","embeddable":true,"href":"https:\/\/magenarquitectos.com\/en\/wp-json\/wp\/v2\/categories?post=18562"},{"taxonomy":"post_tag","embeddable":true,"href":"https:\/\/magenarquitectos.com\/en\/wp-json\/wp\/v2\/tags?post=18562"}],"curies":[{"name":"wp","href":"https:\/\/api.w.org\/{rel}","templated":true}]}}