{"id":18567,"date":"2025-06-20T08:30:00","date_gmt":"2025-06-20T08:30:00","guid":{"rendered":"https:\/\/magenarquitectos.com\/?p=18567"},"modified":"2025-06-19T16:04:05","modified_gmt":"2025-06-19T16:04:05","slug":"comienzan-las-obras-de-rehabilitacion-de-la-residencia-de-personas-mayores-de-borja","status":"publish","type":"post","link":"https:\/\/magenarquitectos.com\/en\/comienzan-las-obras-de-rehabilitacion-de-la-residencia-de-personas-mayores-de-borja\/","title":{"rendered":"Comienzan las obras de rehabilitaci\u00f3n de la Residencia de Personas Mayores de Borja"},"content":{"rendered":"\n<p>La intervenci\u00f3n, basada en el modelo de Atenci\u00f3n Integral Centrada en la Persona (AICP), establece la creaci\u00f3n de nuevas unidades de convivencia y la mejora de la eficiencia energ\u00e9tica del complejo.<\/p>\n\n\n\n<figure class=\"wp-block-image size-large\"><img loading=\"lazy\" width=\"1024\" height=\"1024\" src=\"https:\/\/magenarquitectos.com\/wp-content\/uploads\/2025\/06\/borja_replanteo-1024x1024.jpg\" alt=\"\" class=\"wp-image-18568\" srcset=\"https:\/\/magenarquitectos.com\/wp-content\/uploads\/2025\/06\/borja_replanteo-1024x1024.jpg 1024w, https:\/\/magenarquitectos.com\/wp-content\/uploads\/2025\/06\/borja_replanteo-300x300.jpg 300w, https:\/\/magenarquitectos.com\/wp-content\/uploads\/2025\/06\/borja_replanteo-150x150.jpg 150w, https:\/\/magenarquitectos.com\/wp-content\/uploads\/2025\/06\/borja_replanteo-768x768.jpg 768w, https:\/\/magenarquitectos.com\/wp-content\/uploads\/2025\/06\/borja_replanteo.jpg 1181w\" sizes=\"(max-width: 1024px) 100vw, 1024px\" title=\"\"><\/figure>\n","protected":false},"excerpt":{"rendered":"<p>La intervenci\u00f3n, basada en el modelo de Atenci\u00f3n Integral Centrada en la Persona (AICP), establece la creaci\u00f3n de nuevas unidades de convivencia y la mejora de la eficiencia energ\u00e9tica del complejo.<\/p>\n","protected":false},"author":1,"featured_media":0,"comment_status":"open","ping_status":"open","sticky":false,"template":"","format":"standard","meta":{"_monsterinsights_skip_tracking":false,"_monsterinsights_sitenote_active":false,"_monsterinsights_sitenote_note":"","_monsterinsights_sitenote_category":0},"categories":[97,65,223,92],"tags":[115,93,94,228,83,74],"_links":{"self":[{"href":"https:\/\/magenarquitectos.com\/en\/wp-json\/wp\/v2\/posts\/18567"}],"collection":[{"href":"https:\/\/magenarquitectos.com\/en\/wp-json\/wp\/v2\/posts"}],"about":[{"href":"https:\/\/magenarquitectos.com\/en\/wp-json\/wp\/v2\/types\/post"}],"author":[{"embeddable":true,"href":"https:\/\/magenarquitectos.com\/en\/wp-json\/wp\/v2\/users\/1"}],"replies":[{"embeddable":true,"href":"https:\/\/magenarquitectos.com\/en\/wp-json\/wp\/v2\/comments?post=18567"}],"version-history":[{"count":1,"href":"https:\/\/magenarquitectos.com\/en\/wp-json\/wp\/v2\/posts\/18567\/revisions"}],"predecessor-version":[{"id":18570,"href":"https:\/\/magenarquitectos.com\/en\/wp-json\/wp\/v2\/posts\/18567\/revisions\/18570"}],"wp:attachment":[{"href":"https:\/\/magenarquitectos.com\/en\/wp-json\/wp\/v2\/media?parent=18567"}],"wp:term":[{"taxonomy":"category","embeddable":true,"href":"https:\/\/magenarquitectos.com\/en\/wp-json\/wp\/v2\/categories?post=18567"},{"taxonomy":"post_tag","embeddable":true,"href":"https:\/\/magenarquitectos.com\/en\/wp-json\/wp\/v2\/tags?post=18567"}],"curies":[{"name":"wp","href":"https:\/\/api.w.org\/{rel}","templated":true}]}}