{"id":18577,"date":"2025-08-05T08:30:00","date_gmt":"2025-08-05T08:30:00","guid":{"rendered":"https:\/\/magenarquitectos.com\/?p=18577"},"modified":"2025-08-04T17:38:04","modified_gmt":"2025-08-04T17:38:04","slug":"primer-premio-concurso-para-el-nuevo-centro-de-fp-digital-en-el-dat-alierta","status":"publish","type":"post","link":"https:\/\/magenarquitectos.com\/en\/primer-premio-concurso-para-el-nuevo-centro-de-fp-digital-en-el-dat-alierta\/","title":{"rendered":"Primer Premio. Concurso para el nuevo Centro de FP Digital en el DAT Alierta"},"content":{"rendered":"\n<p>\u00c1gora verde, la propuesta presentada por Mag\u00e9n Arquitectos, ha sido la ganadora del Concurso de Proyectos, an\u00f3nimo y con jurado, organizado por el Instituto Aragon\u00e9s de Fomento, para el nuevo Centro de FP Digital en el DAT Alierta.<\/p>\n\n\n\n<p>&#8220;El edificio une tecnolog\u00eda y naturaleza en torno a esta pieza central y escalonada que vertebra los espacios docentes y deja ver las cubiertas ajardinadas. Un anfiteatro con grader\u00edo donde los alumnos podr\u00e1n disfrutar de un espacio informal complementario a los espacios reglados de aulas y talleres&#8221; <\/p>\n\n\n\n<figure class=\"wp-block-image size-large\"><img loading=\"lazy\" width=\"770\" height=\"1024\" src=\"https:\/\/magenarquitectos.com\/wp-content\/uploads\/2025\/08\/heraldo_fp-dat-770x1024.jpg\" alt=\"\" class=\"wp-image-18578\" srcset=\"https:\/\/magenarquitectos.com\/wp-content\/uploads\/2025\/08\/heraldo_fp-dat-770x1024.jpg 770w, https:\/\/magenarquitectos.com\/wp-content\/uploads\/2025\/08\/heraldo_fp-dat-226x300.jpg 226w, https:\/\/magenarquitectos.com\/wp-content\/uploads\/2025\/08\/heraldo_fp-dat-768x1021.jpg 768w, https:\/\/magenarquitectos.com\/wp-content\/uploads\/2025\/08\/heraldo_fp-dat.jpg 888w\" sizes=\"(max-width: 770px) 100vw, 770px\" title=\"\"><\/figure>\n\n\n\n<p><\/p>\n","protected":false},"excerpt":{"rendered":"<p>\u00c1gora verde, la propuesta presentada por Mag\u00e9n Arquitectos, ha sido la ganadora del Concurso de Proyectos, an\u00f3nimo y con jurado, organizado por el Instituto Aragon\u00e9s de Fomento, para el nuevo Centro de FP Digital en el DAT Alierta. &#8220;El edificio une tecnolog\u00eda y naturaleza en torno a esta pieza central y escalonada que vertebra los [&hellip;]<\/p>\n","protected":false},"author":1,"featured_media":0,"comment_status":"open","ping_status":"open","sticky":false,"template":"","format":"standard","meta":{"_monsterinsights_skip_tracking":false,"_monsterinsights_sitenote_active":false,"_monsterinsights_sitenote_note":"","_monsterinsights_sitenote_category":0},"categories":[76,195,202,75,78,65,139,125,113],"tags":[115,134,80,82,83,74],"_links":{"self":[{"href":"https:\/\/magenarquitectos.com\/en\/wp-json\/wp\/v2\/posts\/18577"}],"collection":[{"href":"https:\/\/magenarquitectos.com\/en\/wp-json\/wp\/v2\/posts"}],"about":[{"href":"https:\/\/magenarquitectos.com\/en\/wp-json\/wp\/v2\/types\/post"}],"author":[{"embeddable":true,"href":"https:\/\/magenarquitectos.com\/en\/wp-json\/wp\/v2\/users\/1"}],"replies":[{"embeddable":true,"href":"https:\/\/magenarquitectos.com\/en\/wp-json\/wp\/v2\/comments?post=18577"}],"version-history":[{"count":1,"href":"https:\/\/magenarquitectos.com\/en\/wp-json\/wp\/v2\/posts\/18577\/revisions"}],"predecessor-version":[{"id":18580,"href":"https:\/\/magenarquitectos.com\/en\/wp-json\/wp\/v2\/posts\/18577\/revisions\/18580"}],"wp:attachment":[{"href":"https:\/\/magenarquitectos.com\/en\/wp-json\/wp\/v2\/media?parent=18577"}],"wp:term":[{"taxonomy":"category","embeddable":true,"href":"https:\/\/magenarquitectos.com\/en\/wp-json\/wp\/v2\/categories?post=18577"},{"taxonomy":"post_tag","embeddable":true,"href":"https:\/\/magenarquitectos.com\/en\/wp-json\/wp\/v2\/tags?post=18577"}],"curies":[{"name":"wp","href":"https:\/\/api.w.org\/{rel}","templated":true}]}}