{"id":18582,"date":"2025-09-03T10:18:33","date_gmt":"2025-09-03T10:18:33","guid":{"rendered":"https:\/\/magenarquitectos.com\/?p=18582"},"modified":"2025-09-03T10:19:25","modified_gmt":"2025-09-03T10:19:25","slug":"atractivo-espacio-renovado-y-moderno-heraldo-de-aragon","status":"publish","type":"post","link":"https:\/\/magenarquitectos.com\/en\/atractivo-espacio-renovado-y-moderno-heraldo-de-aragon\/","title":{"rendered":"&#8220;Atractivo espacio, renovado y moderno&#8221; Heraldo de Arag\u00f3n"},"content":{"rendered":"\n<figure class=\"wp-block-image size-large\"><img loading=\"lazy\" width=\"1024\" height=\"1024\" src=\"https:\/\/magenarquitectos.com\/wp-content\/uploads\/2025\/09\/aljaferia-heraldo-1024x1024.jpg\" alt=\"\" class=\"wp-image-18583\" srcset=\"https:\/\/magenarquitectos.com\/wp-content\/uploads\/2025\/09\/aljaferia-heraldo-1024x1024.jpg 1024w, https:\/\/magenarquitectos.com\/wp-content\/uploads\/2025\/09\/aljaferia-heraldo-300x300.jpg 300w, https:\/\/magenarquitectos.com\/wp-content\/uploads\/2025\/09\/aljaferia-heraldo-150x150.jpg 150w, https:\/\/magenarquitectos.com\/wp-content\/uploads\/2025\/09\/aljaferia-heraldo-768x768.jpg 768w, https:\/\/magenarquitectos.com\/wp-content\/uploads\/2025\/09\/aljaferia-heraldo.jpg 1080w\" sizes=\"(max-width: 1024px) 100vw, 1024px\" title=\"\"><\/figure>\n\n\n\n<p>&#8220;Atractivo espacio, renovado y moderno&#8221; &#8211; El Heraldo de Arag\u00f3n publica un art\u00edculo sobre la reforma de la tienda del Palacio de la Aljafer\u00eda, proyecto de Mag\u00e9n Arquitectos.<\/p>\n","protected":false},"excerpt":{"rendered":"<p>&#8220;Atractivo espacio, renovado y moderno&#8221; &#8211; El Heraldo de Arag\u00f3n publica un art\u00edculo sobre la reforma de la tienda del Palacio de la Aljafer\u00eda, proyecto de Mag\u00e9n Arquitectos.<\/p>\n","protected":false},"author":1,"featured_media":0,"comment_status":"open","ping_status":"open","sticky":false,"template":"","format":"standard","meta":{"_monsterinsights_skip_tracking":false,"_monsterinsights_sitenote_active":false,"_monsterinsights_sitenote_note":"","_monsterinsights_sitenote_category":0},"categories":[194,86,90],"tags":[115,88,93,94,74],"_links":{"self":[{"href":"https:\/\/magenarquitectos.com\/en\/wp-json\/wp\/v2\/posts\/18582"}],"collection":[{"href":"https:\/\/magenarquitectos.com\/en\/wp-json\/wp\/v2\/posts"}],"about":[{"href":"https:\/\/magenarquitectos.com\/en\/wp-json\/wp\/v2\/types\/post"}],"author":[{"embeddable":true,"href":"https:\/\/magenarquitectos.com\/en\/wp-json\/wp\/v2\/users\/1"}],"replies":[{"embeddable":true,"href":"https:\/\/magenarquitectos.com\/en\/wp-json\/wp\/v2\/comments?post=18582"}],"version-history":[{"count":1,"href":"https:\/\/magenarquitectos.com\/en\/wp-json\/wp\/v2\/posts\/18582\/revisions"}],"predecessor-version":[{"id":18585,"href":"https:\/\/magenarquitectos.com\/en\/wp-json\/wp\/v2\/posts\/18582\/revisions\/18585"}],"wp:attachment":[{"href":"https:\/\/magenarquitectos.com\/en\/wp-json\/wp\/v2\/media?parent=18582"}],"wp:term":[{"taxonomy":"category","embeddable":true,"href":"https:\/\/magenarquitectos.com\/en\/wp-json\/wp\/v2\/categories?post=18582"},{"taxonomy":"post_tag","embeddable":true,"href":"https:\/\/magenarquitectos.com\/en\/wp-json\/wp\/v2\/tags?post=18582"}],"curies":[{"name":"wp","href":"https:\/\/api.w.org\/{rel}","templated":true}]}}