{"id":18586,"date":"2025-09-09T08:30:00","date_gmt":"2025-09-09T08:30:00","guid":{"rendered":"https:\/\/magenarquitectos.com\/?p=18586"},"modified":"2025-09-07T15:49:07","modified_gmt":"2025-09-07T15:49:07","slug":"magen-arquitectos-rehabilitara-el-ceeia-centro-europeo-de-empresas-e-innovacion-de-aragon","status":"publish","type":"post","link":"https:\/\/magenarquitectos.com\/en\/magen-arquitectos-rehabilitara-el-ceeia-centro-europeo-de-empresas-e-innovacion-de-aragon\/","title":{"rendered":"Mag\u00e9n Arquitectos rehabilitar\u00e1 el CEEIA, Centro Europeo de Empresas e Innovaci\u00f3n de Arag\u00f3n"},"content":{"rendered":"\n<p>Mag\u00e9n Arquitectos ha sido el ganador del concurso para redactar el Proyecto de Rehabilitaci\u00f3n del CEEIA, una de las obras incluidas en el Distrito DAT Alierta .<\/p>\n\n\n\n<p>Magen Arquitectos to renovate a 90s office building, European Center for Innovation and Companies.  <\/p>\n\n\n\n<figure class=\"wp-container-2 wp-block-gallery-1 wp-block-gallery has-nested-images columns-default is-cropped\">\n<figure class=\"wp-block-image size-large\"><img loading=\"lazy\" width=\"1024\" height=\"631\" data-id=\"18588\" src=\"https:\/\/magenarquitectos.com\/wp-content\/uploads\/2025\/09\/CEEI_IAF-1024x631.jpg\" alt=\"\" class=\"wp-image-18588\" srcset=\"https:\/\/magenarquitectos.com\/wp-content\/uploads\/2025\/09\/CEEI_IAF-1024x631.jpg 1024w, https:\/\/magenarquitectos.com\/wp-content\/uploads\/2025\/09\/CEEI_IAF-300x185.jpg 300w, https:\/\/magenarquitectos.com\/wp-content\/uploads\/2025\/09\/CEEI_IAF-768x473.jpg 768w, https:\/\/magenarquitectos.com\/wp-content\/uploads\/2025\/09\/CEEI_IAF.jpg 1181w\" sizes=\"(max-width: 1024px) 100vw, 1024px\" title=\"\"><\/figure>\n<\/figure>\n","protected":false},"excerpt":{"rendered":"<p>Mag\u00e9n Arquitectos ha sido el ganador del concurso para redactar el Proyecto de Rehabilitaci\u00f3n del CEEIA, una de las obras incluidas en el Distrito DAT Alierta . Magen Arquitectos to renovate a 90s office building, European Center for Innovation and Companies.<\/p>\n","protected":false},"author":1,"featured_media":0,"comment_status":"open","ping_status":"open","sticky":false,"template":"","format":"standard","meta":{"_monsterinsights_skip_tracking":false,"_monsterinsights_sitenote_active":false,"_monsterinsights_sitenote_note":"","_monsterinsights_sitenote_category":0},"categories":[202,75,76,77,78],"tags":[100,115,93,94,82,83,74],"_links":{"self":[{"href":"https:\/\/magenarquitectos.com\/en\/wp-json\/wp\/v2\/posts\/18586"}],"collection":[{"href":"https:\/\/magenarquitectos.com\/en\/wp-json\/wp\/v2\/posts"}],"about":[{"href":"https:\/\/magenarquitectos.com\/en\/wp-json\/wp\/v2\/types\/post"}],"author":[{"embeddable":true,"href":"https:\/\/magenarquitectos.com\/en\/wp-json\/wp\/v2\/users\/1"}],"replies":[{"embeddable":true,"href":"https:\/\/magenarquitectos.com\/en\/wp-json\/wp\/v2\/comments?post=18586"}],"version-history":[{"count":1,"href":"https:\/\/magenarquitectos.com\/en\/wp-json\/wp\/v2\/posts\/18586\/revisions"}],"predecessor-version":[{"id":18590,"href":"https:\/\/magenarquitectos.com\/en\/wp-json\/wp\/v2\/posts\/18586\/revisions\/18590"}],"wp:attachment":[{"href":"https:\/\/magenarquitectos.com\/en\/wp-json\/wp\/v2\/media?parent=18586"}],"wp:term":[{"taxonomy":"category","embeddable":true,"href":"https:\/\/magenarquitectos.com\/en\/wp-json\/wp\/v2\/categories?post=18586"},{"taxonomy":"post_tag","embeddable":true,"href":"https:\/\/magenarquitectos.com\/en\/wp-json\/wp\/v2\/tags?post=18586"}],"curies":[{"name":"wp","href":"https:\/\/api.w.org\/{rel}","templated":true}]}}