{"id":18596,"date":"2025-09-16T08:05:00","date_gmt":"2025-09-16T08:05:00","guid":{"rendered":"https:\/\/magenarquitectos.com\/?p=18596"},"modified":"2025-09-11T12:08:41","modified_gmt":"2025-09-11T12:08:41","slug":"jornadas-profesionales-dpa-arquitectura-zaragoza-30-de-septiembre","status":"publish","type":"post","link":"https:\/\/magenarquitectos.com\/en\/jornadas-profesionales-dpa-arquitectura-zaragoza-30-de-septiembre\/","title":{"rendered":"Jornadas profesionales DPA Arquitectura. Zaragoza, 30 de septiembre"},"content":{"rendered":"\n<p>Jaime Mag\u00e9n, con la conferencia &#8220;Rehabilitaci\u00f3n integral y Edificio Departamental (nZEB) de la Facultad de Filosof\u00eda y Letras&#8221;, realizar\u00e1 la apertura de las Jornadas profesionales DPA Arquitectura que se celebrar\u00e1n el 30 de septiembre en Zaragoza.<\/p>\n\n\n\n<figure class=\"wp-block-image size-large\"><img loading=\"lazy\" width=\"1024\" height=\"1024\" src=\"https:\/\/magenarquitectos.com\/wp-content\/uploads\/2025\/09\/evento-dpa-redes-1024x1024.jpg\" alt=\"\" class=\"wp-image-18597\" srcset=\"https:\/\/magenarquitectos.com\/wp-content\/uploads\/2025\/09\/evento-dpa-redes-1024x1024.jpg 1024w, https:\/\/magenarquitectos.com\/wp-content\/uploads\/2025\/09\/evento-dpa-redes-300x300.jpg 300w, https:\/\/magenarquitectos.com\/wp-content\/uploads\/2025\/09\/evento-dpa-redes-150x150.jpg 150w, https:\/\/magenarquitectos.com\/wp-content\/uploads\/2025\/09\/evento-dpa-redes-768x768.jpg 768w, https:\/\/magenarquitectos.com\/wp-content\/uploads\/2025\/09\/evento-dpa-redes.jpg 1181w\" sizes=\"(max-width: 1024px) 100vw, 1024px\" title=\"\"><\/figure>\n","protected":false},"excerpt":{"rendered":"<p>Jaime Mag\u00e9n, con la conferencia &#8220;Rehabilitaci\u00f3n integral y Edificio Departamental (nZEB) de la Facultad de Filosof\u00eda y Letras&#8221;, realizar\u00e1 la apertura de las Jornadas profesionales DPA Arquitectura que se celebrar\u00e1n el 30 de septiembre en Zaragoza.<\/p>\n","protected":false},"author":1,"featured_media":0,"comment_status":"open","ping_status":"open","sticky":false,"template":"","format":"standard","meta":{"_monsterinsights_skip_tracking":false,"_monsterinsights_sitenote_active":false,"_monsterinsights_sitenote_note":"","_monsterinsights_sitenote_category":0},"categories":[196,76,65,139,217],"tags":[115,129,134,80,140,216,93,94,82,83,74],"_links":{"self":[{"href":"https:\/\/magenarquitectos.com\/en\/wp-json\/wp\/v2\/posts\/18596"}],"collection":[{"href":"https:\/\/magenarquitectos.com\/en\/wp-json\/wp\/v2\/posts"}],"about":[{"href":"https:\/\/magenarquitectos.com\/en\/wp-json\/wp\/v2\/types\/post"}],"author":[{"embeddable":true,"href":"https:\/\/magenarquitectos.com\/en\/wp-json\/wp\/v2\/users\/1"}],"replies":[{"embeddable":true,"href":"https:\/\/magenarquitectos.com\/en\/wp-json\/wp\/v2\/comments?post=18596"}],"version-history":[{"count":1,"href":"https:\/\/magenarquitectos.com\/en\/wp-json\/wp\/v2\/posts\/18596\/revisions"}],"predecessor-version":[{"id":18599,"href":"https:\/\/magenarquitectos.com\/en\/wp-json\/wp\/v2\/posts\/18596\/revisions\/18599"}],"wp:attachment":[{"href":"https:\/\/magenarquitectos.com\/en\/wp-json\/wp\/v2\/media?parent=18596"}],"wp:term":[{"taxonomy":"category","embeddable":true,"href":"https:\/\/magenarquitectos.com\/en\/wp-json\/wp\/v2\/categories?post=18596"},{"taxonomy":"post_tag","embeddable":true,"href":"https:\/\/magenarquitectos.com\/en\/wp-json\/wp\/v2\/tags?post=18596"}],"curies":[{"name":"wp","href":"https:\/\/api.w.org\/{rel}","templated":true}]}}