{"id":18605,"date":"2025-09-22T08:30:00","date_gmt":"2025-09-22T08:30:00","guid":{"rendered":"https:\/\/magenarquitectos.com\/?p=18605"},"modified":"2025-09-21T18:43:44","modified_gmt":"2025-09-21T18:43:44","slug":"primer-premio-concurso-para-el-nuevo-edificio-para-empresas-en-el-dat-alierta","status":"publish","type":"post","link":"https:\/\/magenarquitectos.com\/en\/primer-premio-concurso-para-el-nuevo-edificio-para-empresas-en-el-dat-alierta\/","title":{"rendered":"Primer Premio. Concurso para el nuevo Edificio para empresas en el DAT Alierta"},"content":{"rendered":"\n<p>Moebius, la propuesta presentada por Mag\u00e9n Arquitectos, ha sido la ganadora del Concurso de Proyectos, an\u00f3nimo y con jurado, organizado por el Instituto Aragon\u00e9s de Fomento, para el nuevo Edificio para empresas en el DAT Alierta.<\/p>\n\n\n\n<p>&#8220;Transmite una imagen tecnol\u00f3gica y moderna y tiene un elevado grado de integraci\u00f3n con su entorno&#8221; destaca el fallo del jurado, que lo ha elegido por &#8220;su funcionalidad, el buen tratamiento de la cubierta y su eficiencia energ\u00e9tica, su iluminaci\u00f3n natural en casi todas las zonas, sin apenas pilares y espacios di\u00e1fanos&#8221;<\/p>\n\n\n\n<figure class=\"wp-block-image size-large\"><img loading=\"lazy\" width=\"793\" height=\"1024\" src=\"https:\/\/magenarquitectos.com\/wp-content\/uploads\/2025\/09\/heraldo_empresas_dat-793x1024.jpg\" alt=\"\" class=\"wp-image-18606\" srcset=\"https:\/\/magenarquitectos.com\/wp-content\/uploads\/2025\/09\/heraldo_empresas_dat-793x1024.jpg 793w, https:\/\/magenarquitectos.com\/wp-content\/uploads\/2025\/09\/heraldo_empresas_dat-232x300.jpg 232w, https:\/\/magenarquitectos.com\/wp-content\/uploads\/2025\/09\/heraldo_empresas_dat-768x992.jpg 768w, https:\/\/magenarquitectos.com\/wp-content\/uploads\/2025\/09\/heraldo_empresas_dat.jpg 960w\" sizes=\"(max-width: 793px) 100vw, 793px\" title=\"\"><\/figure>\n\n\n\n<figure class=\"wp-block-image size-large\"><img loading=\"lazy\" width=\"1024\" height=\"898\" src=\"https:\/\/magenarquitectos.com\/wp-content\/uploads\/2025\/09\/empresas_dat01-1024x898.jpg\" alt=\"\" class=\"wp-image-18608\" srcset=\"https:\/\/magenarquitectos.com\/wp-content\/uploads\/2025\/09\/empresas_dat01-1024x898.jpg 1024w, https:\/\/magenarquitectos.com\/wp-content\/uploads\/2025\/09\/empresas_dat01-300x263.jpg 300w, https:\/\/magenarquitectos.com\/wp-content\/uploads\/2025\/09\/empresas_dat01-768x673.jpg 768w, https:\/\/magenarquitectos.com\/wp-content\/uploads\/2025\/09\/empresas_dat01.jpg 1240w\" sizes=\"(max-width: 1024px) 100vw, 1024px\" title=\"\"><\/figure>\n\n\n\n<figure class=\"wp-block-image size-large\"><img loading=\"lazy\" width=\"819\" height=\"1024\" src=\"https:\/\/magenarquitectos.com\/wp-content\/uploads\/2025\/09\/empresas_dat02-819x1024.jpg\" alt=\"\" class=\"wp-image-18610\" srcset=\"https:\/\/magenarquitectos.com\/wp-content\/uploads\/2025\/09\/empresas_dat02-819x1024.jpg 819w, https:\/\/magenarquitectos.com\/wp-content\/uploads\/2025\/09\/empresas_dat02-240x300.jpg 240w, https:\/\/magenarquitectos.com\/wp-content\/uploads\/2025\/09\/empresas_dat02-768x960.jpg 768w, https:\/\/magenarquitectos.com\/wp-content\/uploads\/2025\/09\/empresas_dat02.jpg 992w\" sizes=\"(max-width: 819px) 100vw, 819px\" title=\"\"><\/figure>\n","protected":false},"excerpt":{"rendered":"<p>Moebius, la propuesta presentada por Mag\u00e9n Arquitectos, ha sido la ganadora del Concurso de Proyectos, an\u00f3nimo y con jurado, organizado por el Instituto Aragon\u00e9s de Fomento, para el nuevo Edificio para empresas en el DAT Alierta. &#8220;Transmite una imagen tecnol\u00f3gica y moderna y tiene un elevado grado de integraci\u00f3n con su entorno&#8221; destaca el fallo [&hellip;]<\/p>\n","protected":false},"author":1,"featured_media":0,"comment_status":"open","ping_status":"open","sticky":false,"template":"","format":"standard","meta":{"_monsterinsights_skip_tracking":false,"_monsterinsights_sitenote_active":false,"_monsterinsights_sitenote_note":"","_monsterinsights_sitenote_category":0},"categories":[195,202,75,76,77,78,113],"tags":[100,115,82,83,74],"_links":{"self":[{"href":"https:\/\/magenarquitectos.com\/en\/wp-json\/wp\/v2\/posts\/18605"}],"collection":[{"href":"https:\/\/magenarquitectos.com\/en\/wp-json\/wp\/v2\/posts"}],"about":[{"href":"https:\/\/magenarquitectos.com\/en\/wp-json\/wp\/v2\/types\/post"}],"author":[{"embeddable":true,"href":"https:\/\/magenarquitectos.com\/en\/wp-json\/wp\/v2\/users\/1"}],"replies":[{"embeddable":true,"href":"https:\/\/magenarquitectos.com\/en\/wp-json\/wp\/v2\/comments?post=18605"}],"version-history":[{"count":1,"href":"https:\/\/magenarquitectos.com\/en\/wp-json\/wp\/v2\/posts\/18605\/revisions"}],"predecessor-version":[{"id":18612,"href":"https:\/\/magenarquitectos.com\/en\/wp-json\/wp\/v2\/posts\/18605\/revisions\/18612"}],"wp:attachment":[{"href":"https:\/\/magenarquitectos.com\/en\/wp-json\/wp\/v2\/media?parent=18605"}],"wp:term":[{"taxonomy":"category","embeddable":true,"href":"https:\/\/magenarquitectos.com\/en\/wp-json\/wp\/v2\/categories?post=18605"},{"taxonomy":"post_tag","embeddable":true,"href":"https:\/\/magenarquitectos.com\/en\/wp-json\/wp\/v2\/tags?post=18605"}],"curies":[{"name":"wp","href":"https:\/\/api.w.org\/{rel}","templated":true}]}}