{"id":18622,"date":"2025-10-06T08:30:00","date_gmt":"2025-10-06T08:30:00","guid":{"rendered":"https:\/\/magenarquitectos.com\/?p=18622"},"modified":"2025-10-04T19:00:27","modified_gmt":"2025-10-04T19:00:27","slug":"visita-guiada-a-la-facultad-de-filosofia-y-letras","status":"publish","type":"post","link":"https:\/\/magenarquitectos.com\/en\/visita-guiada-a-la-facultad-de-filosofia-y-letras\/","title":{"rendered":"Visita guiada a la Facultad de Filosof\u00eda y Letras"},"content":{"rendered":"\n<p>El pr\u00f3ximo martes, 7 de octubre, a las 13:00 horas, el Colegio Oficial de Arquitectos de Arag\u00f3n ha organizado una visita guiada a la Facultad de Filosof\u00eda y Letras, ganador ex-aequo del \u00faltimo Premio Garc\u00eda Mercadal. <\/p>\n\n\n\n<p>Inscripci\u00f3n en este enlace <a href=\"https:\/\/docs.google.com\/forms\/d\/e\/1FAIpQLSdLgZk9XtJRJmmymvSD-xjlFNNUvqKXTZuYnOZiqT5zRZLNQg\/viewform\" rel=\"nofollow noopener\" target=\"_blank\">visita<\/a><\/p>\n\n\n\n<figure class=\"wp-block-image size-large\"><img loading=\"lazy\" width=\"723\" height=\"1024\" src=\"https:\/\/magenarquitectos.com\/wp-content\/uploads\/2025\/10\/filosofia_visita_coaa-723x1024.jpg\" alt=\"\" class=\"wp-image-18623\" srcset=\"https:\/\/magenarquitectos.com\/wp-content\/uploads\/2025\/10\/filosofia_visita_coaa-723x1024.jpg 723w, https:\/\/magenarquitectos.com\/wp-content\/uploads\/2025\/10\/filosofia_visita_coaa-212x300.jpg 212w, https:\/\/magenarquitectos.com\/wp-content\/uploads\/2025\/10\/filosofia_visita_coaa-768x1087.jpg 768w, https:\/\/magenarquitectos.com\/wp-content\/uploads\/2025\/10\/filosofia_visita_coaa.jpg 876w\" sizes=\"(max-width: 723px) 100vw, 723px\" title=\"\"><\/figure>\n","protected":false},"excerpt":{"rendered":"<p>El pr\u00f3ximo martes, 7 de octubre, a las 13:00 horas, el Colegio Oficial de Arquitectos de Arag\u00f3n ha organizado una visita guiada a la Facultad de Filosof\u00eda y Letras, ganador ex-aequo del \u00faltimo Premio Garc\u00eda Mercadal. Inscripci\u00f3n en este enlace visita<\/p>\n","protected":false},"author":1,"featured_media":0,"comment_status":"open","ping_status":"open","sticky":false,"template":"","format":"standard","meta":{"_monsterinsights_skip_tracking":false,"_monsterinsights_sitenote_active":false,"_monsterinsights_sitenote_note":"","_monsterinsights_sitenote_category":0},"categories":[196,204,69,217],"tags":[115,129,134,80,140,216,93,94,82,83,166,74],"_links":{"self":[{"href":"https:\/\/magenarquitectos.com\/en\/wp-json\/wp\/v2\/posts\/18622"}],"collection":[{"href":"https:\/\/magenarquitectos.com\/en\/wp-json\/wp\/v2\/posts"}],"about":[{"href":"https:\/\/magenarquitectos.com\/en\/wp-json\/wp\/v2\/types\/post"}],"author":[{"embeddable":true,"href":"https:\/\/magenarquitectos.com\/en\/wp-json\/wp\/v2\/users\/1"}],"replies":[{"embeddable":true,"href":"https:\/\/magenarquitectos.com\/en\/wp-json\/wp\/v2\/comments?post=18622"}],"version-history":[{"count":1,"href":"https:\/\/magenarquitectos.com\/en\/wp-json\/wp\/v2\/posts\/18622\/revisions"}],"predecessor-version":[{"id":18625,"href":"https:\/\/magenarquitectos.com\/en\/wp-json\/wp\/v2\/posts\/18622\/revisions\/18625"}],"wp:attachment":[{"href":"https:\/\/magenarquitectos.com\/en\/wp-json\/wp\/v2\/media?parent=18622"}],"wp:term":[{"taxonomy":"category","embeddable":true,"href":"https:\/\/magenarquitectos.com\/en\/wp-json\/wp\/v2\/categories?post=18622"},{"taxonomy":"post_tag","embeddable":true,"href":"https:\/\/magenarquitectos.com\/en\/wp-json\/wp\/v2\/tags?post=18622"}],"curies":[{"name":"wp","href":"https:\/\/api.w.org\/{rel}","templated":true}]}}