{"id":18627,"date":"2025-10-20T08:00:00","date_gmt":"2025-10-20T08:00:00","guid":{"rendered":"https:\/\/magenarquitectos.com\/?p=18627"},"modified":"2025-10-19T16:28:31","modified_gmt":"2025-10-19T16:28:31","slug":"conferencia-aragon-climate-week","status":"publish","type":"post","link":"https:\/\/magenarquitectos.com\/en\/conferencia-aragon-climate-week\/","title":{"rendered":"Conferencia. Aragon climate week"},"content":{"rendered":"\n<p>Mag\u00e9n Arquitectos participa en la Aragon climate week con la conferencia &#8220;Arquitectura bioclim\u00e1tica. Cuatro obras en Zaragoza&#8221; que presentar\u00e1 Javier Garuz en la Jornada inaugural en el Acuario de Zaragoza el lunes 20 de Octubre.<\/p>\n\n\n\n<p>La semana por el clima\u00a0<em>Arag\u00f3n Climate Week 2025<\/em>\u00a0se celebrar\u00e1 del 20 al 26 de octubre y, un a\u00f1o m\u00e1s, busca movilizar a la sociedad aragonesa frente al cambio clim\u00e1tico. El acto inaugural tendr\u00e1 lugar el lunes 20 en el Acuario de Zaragoza a cargo de Raquel Gim\u00e9nez Ac\u00f3n, directora general de Educaci\u00f3n Ambiental. Con esta apertura se marcar\u00e1 el inicio de varios d\u00edas repletos de eventos y encuentros repartidos por las tres provincias.<\/p>\n\n\n\n<figure class=\"wp-block-image size-large\"><img loading=\"lazy\" width=\"842\" height=\"1024\" src=\"https:\/\/magenarquitectos.com\/wp-content\/uploads\/2025\/10\/aragoncw-842x1024.jpg\" alt=\"\" class=\"wp-image-18628\" srcset=\"https:\/\/magenarquitectos.com\/wp-content\/uploads\/2025\/10\/aragoncw-842x1024.jpg 842w, https:\/\/magenarquitectos.com\/wp-content\/uploads\/2025\/10\/aragoncw-247x300.jpg 247w, https:\/\/magenarquitectos.com\/wp-content\/uploads\/2025\/10\/aragoncw-768x934.jpg 768w, https:\/\/magenarquitectos.com\/wp-content\/uploads\/2025\/10\/aragoncw.jpg 1020w\" sizes=\"(max-width: 842px) 100vw, 842px\" title=\"\"><\/figure>\n","protected":false},"excerpt":{"rendered":"<p>Mag\u00e9n Arquitectos participa en la Aragon climate week con la conferencia &#8220;Arquitectura bioclim\u00e1tica. Cuatro obras en Zaragoza&#8221; que presentar\u00e1 Javier Garuz en la Jornada inaugural en el Acuario de Zaragoza el lunes 20 de Octubre. La semana por el clima\u00a0Arag\u00f3n Climate Week 2025\u00a0se celebrar\u00e1 del 20 al 26 de octubre y, un a\u00f1o m\u00e1s, busca [&hellip;]<\/p>\n","protected":false},"author":1,"featured_media":0,"comment_status":"open","ping_status":"open","sticky":false,"template":"","format":"standard","meta":{"_monsterinsights_skip_tracking":false,"_monsterinsights_sitenote_active":false,"_monsterinsights_sitenote_note":"","_monsterinsights_sitenote_category":0},"categories":[76,196,217],"tags":[115,129,82,83,74],"_links":{"self":[{"href":"https:\/\/magenarquitectos.com\/en\/wp-json\/wp\/v2\/posts\/18627"}],"collection":[{"href":"https:\/\/magenarquitectos.com\/en\/wp-json\/wp\/v2\/posts"}],"about":[{"href":"https:\/\/magenarquitectos.com\/en\/wp-json\/wp\/v2\/types\/post"}],"author":[{"embeddable":true,"href":"https:\/\/magenarquitectos.com\/en\/wp-json\/wp\/v2\/users\/1"}],"replies":[{"embeddable":true,"href":"https:\/\/magenarquitectos.com\/en\/wp-json\/wp\/v2\/comments?post=18627"}],"version-history":[{"count":1,"href":"https:\/\/magenarquitectos.com\/en\/wp-json\/wp\/v2\/posts\/18627\/revisions"}],"predecessor-version":[{"id":18630,"href":"https:\/\/magenarquitectos.com\/en\/wp-json\/wp\/v2\/posts\/18627\/revisions\/18630"}],"wp:attachment":[{"href":"https:\/\/magenarquitectos.com\/en\/wp-json\/wp\/v2\/media?parent=18627"}],"wp:term":[{"taxonomy":"category","embeddable":true,"href":"https:\/\/magenarquitectos.com\/en\/wp-json\/wp\/v2\/categories?post=18627"},{"taxonomy":"post_tag","embeddable":true,"href":"https:\/\/magenarquitectos.com\/en\/wp-json\/wp\/v2\/tags?post=18627"}],"curies":[{"name":"wp","href":"https:\/\/api.w.org\/{rel}","templated":true}]}}