{"id":18639,"date":"2025-10-28T08:00:00","date_gmt":"2025-10-28T08:00:00","guid":{"rendered":"https:\/\/magenarquitectos.com\/?p=18639"},"modified":"2025-10-24T17:52:42","modified_gmt":"2025-10-24T17:52:42","slug":"capsula-scalae-facultad-de-filosofia-y-letras","status":"publish","type":"post","link":"https:\/\/magenarquitectos.com\/en\/capsula-scalae-facultad-de-filosofia-y-letras\/","title":{"rendered":"C\u00e1psula SCALAE &#8220;Facultad de Filosof\u00eda y Letras&#8221;"},"content":{"rendered":"\n<figure class=\"wp-block-image size-large\"><a href=\"https:\/\/www.youtube.com\/watch?v=Kw1nlIZaz6M\" rel=\"nofollow noopener\" target=\"_blank\"><img loading=\"lazy\" width=\"1024\" height=\"568\" src=\"https:\/\/magenarquitectos.com\/wp-content\/uploads\/2025\/10\/filosofia_scalae-1024x568.jpg\" alt=\"\" class=\"wp-image-18640\" srcset=\"https:\/\/magenarquitectos.com\/wp-content\/uploads\/2025\/10\/filosofia_scalae-1024x568.jpg 1024w, https:\/\/magenarquitectos.com\/wp-content\/uploads\/2025\/10\/filosofia_scalae-300x166.jpg 300w, https:\/\/magenarquitectos.com\/wp-content\/uploads\/2025\/10\/filosofia_scalae-768x426.jpg 768w, https:\/\/magenarquitectos.com\/wp-content\/uploads\/2025\/10\/filosofia_scalae.jpg 1240w\" sizes=\"(max-width: 1024px) 100vw, 1024px\" title=\"\"><\/a><\/figure>\n\n\n\n<p>&#8220;Jaime Mag\u00e9n, que con Francisco Mag\u00e9n pilotan MAG\u00c9N Arquitectos, permite entrever en la secuencia de su relato sobre la rehabilitaci\u00f3n y ampliaci\u00f3n de la facultad de filosof\u00eda de la universidad de Zaragoza de qu\u00e9 modo, con la paleta y los materiales de la construccion de la arquitectura, es posible traer a un presente de color, diversidad y contradicciones, a un crisol de di\u00e1logos y derivas, lo que fue magistral formalizaci\u00f3n de un tiempo monocromo de verdades cotidianas envueltas en discursos marciales, sermones y letan\u00edas.&#8221;<\/p>\n\n\n\n<p>Emisi\u00f3n primera de la c\u00e1psula: 23 de Octubre de 2025 <\/p>\n\n\n\n<p>Narraci\u00f3n: Jaime Mag\u00e9n <\/p>\n\n\n\n<p>Gui\u00f3n y selecci\u00f3n de im\u00e1genes: MAG\u00c9N Arquitectos <\/p>\n\n\n\n<p>Fotograf\u00eda: Rub\u00e9n P. Besc\u00f3s, archivo MAG\u00c9N Arquitectos <\/p>\n\n\n\n<p>Edici\u00f3n y direcci\u00f3n: F\u00e9lix Arranz <\/p>\n\n\n\n<p>M\u00fasica: original de la serie, por Jaime Stinus <\/p>\n","protected":false},"excerpt":{"rendered":"<p>&#8220;Jaime Mag\u00e9n, que con Francisco Mag\u00e9n pilotan MAG\u00c9N Arquitectos, permite entrever en la secuencia de su relato sobre la rehabilitaci\u00f3n y ampliaci\u00f3n de la facultad de filosof\u00eda de la universidad de Zaragoza de qu\u00e9 modo, con la paleta y los materiales de la construccion de la arquitectura, es posible traer a un presente de color, [&hellip;]<\/p>\n","protected":false},"author":1,"featured_media":0,"comment_status":"open","ping_status":"open","sticky":false,"template":"","format":"standard","meta":{"_monsterinsights_skip_tracking":false,"_monsterinsights_sitenote_active":false,"_monsterinsights_sitenote_note":"","_monsterinsights_sitenote_category":0},"categories":[196,76,78,65,139,217,92,146],"tags":[115,134,80,93,94,82,83,166,74],"_links":{"self":[{"href":"https:\/\/magenarquitectos.com\/en\/wp-json\/wp\/v2\/posts\/18639"}],"collection":[{"href":"https:\/\/magenarquitectos.com\/en\/wp-json\/wp\/v2\/posts"}],"about":[{"href":"https:\/\/magenarquitectos.com\/en\/wp-json\/wp\/v2\/types\/post"}],"author":[{"embeddable":true,"href":"https:\/\/magenarquitectos.com\/en\/wp-json\/wp\/v2\/users\/1"}],"replies":[{"embeddable":true,"href":"https:\/\/magenarquitectos.com\/en\/wp-json\/wp\/v2\/comments?post=18639"}],"version-history":[{"count":1,"href":"https:\/\/magenarquitectos.com\/en\/wp-json\/wp\/v2\/posts\/18639\/revisions"}],"predecessor-version":[{"id":18642,"href":"https:\/\/magenarquitectos.com\/en\/wp-json\/wp\/v2\/posts\/18639\/revisions\/18642"}],"wp:attachment":[{"href":"https:\/\/magenarquitectos.com\/en\/wp-json\/wp\/v2\/media?parent=18639"}],"wp:term":[{"taxonomy":"category","embeddable":true,"href":"https:\/\/magenarquitectos.com\/en\/wp-json\/wp\/v2\/categories?post=18639"},{"taxonomy":"post_tag","embeddable":true,"href":"https:\/\/magenarquitectos.com\/en\/wp-json\/wp\/v2\/tags?post=18639"}],"curies":[{"name":"wp","href":"https:\/\/api.w.org\/{rel}","templated":true}]}}