{"id":18648,"date":"2025-11-10T08:15:00","date_gmt":"2025-11-10T08:15:00","guid":{"rendered":"https:\/\/magenarquitectos.com\/?p=18648"},"modified":"2025-11-07T20:15:19","modified_gmt":"2025-11-07T20:15:19","slug":"la-facultad-de-filosofia-y-letras-seleccionada-en-la-xvi-bienal-espanola-de-arquitectura-y-urbanismo","status":"publish","type":"post","link":"https:\/\/magenarquitectos.com\/en\/la-facultad-de-filosofia-y-letras-seleccionada-en-la-xvi-bienal-espanola-de-arquitectura-y-urbanismo\/","title":{"rendered":"La Facultad de Filosof\u00eda y Letras, Seleccionada en la XVI Bienal Espa\u00f1ola de Arquitectura y Urbanismo"},"content":{"rendered":"\n<p>La Facultad de Filosof\u00eda y Letras ha sido SELECCIONADA en la Categor\u00eda de Obras de la XVII Bienal Espa\u00f1ola de Arquitectura y Urbanismo (XVII BEAU). <\/p>\n\n\n\n<p>Philosophy Faculty awarded as SELECTED in XVII Biennial of Spanish Architecture and Urbanism (XVII BEAU). <\/p>\n\n\n\n<figure class=\"wp-block-image size-large\"><img loading=\"lazy\" width=\"819\" height=\"1024\" src=\"https:\/\/magenarquitectos.com\/wp-content\/uploads\/2025\/11\/FC_IG_Sello_AF_Proyecto-Selecionado-FYL-819x1024.jpg\" alt=\"\" class=\"wp-image-18649\" srcset=\"https:\/\/magenarquitectos.com\/wp-content\/uploads\/2025\/11\/FC_IG_Sello_AF_Proyecto-Selecionado-FYL-819x1024.jpg 819w, https:\/\/magenarquitectos.com\/wp-content\/uploads\/2025\/11\/FC_IG_Sello_AF_Proyecto-Selecionado-FYL-240x300.jpg 240w, https:\/\/magenarquitectos.com\/wp-content\/uploads\/2025\/11\/FC_IG_Sello_AF_Proyecto-Selecionado-FYL-768x960.jpg 768w, https:\/\/magenarquitectos.com\/wp-content\/uploads\/2025\/11\/FC_IG_Sello_AF_Proyecto-Selecionado-FYL-1229x1536.jpg 1229w, https:\/\/magenarquitectos.com\/wp-content\/uploads\/2025\/11\/FC_IG_Sello_AF_Proyecto-Selecionado-FYL.jpg 1440w\" sizes=\"(max-width: 819px) 100vw, 819px\" title=\"\"><\/figure>\n","protected":false},"excerpt":{"rendered":"<p>La Facultad de Filosof\u00eda y Letras ha sido SELECCIONADA en la Categor\u00eda de Obras de la XVII Bienal Espa\u00f1ola de Arquitectura y Urbanismo (XVII BEAU). Philosophy Faculty awarded as SELECTED in XVII Biennial of Spanish Architecture and Urbanism (XVII BEAU).<\/p>\n","protected":false},"author":1,"featured_media":0,"comment_status":"open","ping_status":"open","sticky":false,"template":"","format":"standard","meta":{"_monsterinsights_skip_tracking":false,"_monsterinsights_sitenote_active":false,"_monsterinsights_sitenote_note":"","_monsterinsights_sitenote_category":0},"categories":[260,195,76,78,65,139,113,92],"tags":[115,80,140,93,94,82,83,74],"_links":{"self":[{"href":"https:\/\/magenarquitectos.com\/en\/wp-json\/wp\/v2\/posts\/18648"}],"collection":[{"href":"https:\/\/magenarquitectos.com\/en\/wp-json\/wp\/v2\/posts"}],"about":[{"href":"https:\/\/magenarquitectos.com\/en\/wp-json\/wp\/v2\/types\/post"}],"author":[{"embeddable":true,"href":"https:\/\/magenarquitectos.com\/en\/wp-json\/wp\/v2\/users\/1"}],"replies":[{"embeddable":true,"href":"https:\/\/magenarquitectos.com\/en\/wp-json\/wp\/v2\/comments?post=18648"}],"version-history":[{"count":1,"href":"https:\/\/magenarquitectos.com\/en\/wp-json\/wp\/v2\/posts\/18648\/revisions"}],"predecessor-version":[{"id":18651,"href":"https:\/\/magenarquitectos.com\/en\/wp-json\/wp\/v2\/posts\/18648\/revisions\/18651"}],"wp:attachment":[{"href":"https:\/\/magenarquitectos.com\/en\/wp-json\/wp\/v2\/media?parent=18648"}],"wp:term":[{"taxonomy":"category","embeddable":true,"href":"https:\/\/magenarquitectos.com\/en\/wp-json\/wp\/v2\/categories?post=18648"},{"taxonomy":"post_tag","embeddable":true,"href":"https:\/\/magenarquitectos.com\/en\/wp-json\/wp\/v2\/tags?post=18648"}],"curies":[{"name":"wp","href":"https:\/\/api.w.org\/{rel}","templated":true}]}}