{"id":18654,"date":"2025-11-18T08:00:00","date_gmt":"2025-11-18T08:00:00","guid":{"rendered":"https:\/\/magenarquitectos.com\/?p=18654"},"modified":"2025-11-15T12:30:24","modified_gmt":"2025-11-15T12:30:24","slug":"bienales-espanolas-de-arquitectura-y-urbanismo","status":"publish","type":"post","link":"https:\/\/magenarquitectos.com\/en\/bienales-espanolas-de-arquitectura-y-urbanismo\/","title":{"rendered":"Bienales Espa\u00f1olas de Arquitectura y Urbanismo"},"content":{"rendered":"\n<p>Obras del estudio distinguidas en las \u00faltimas 7 ediciones de la Bienal Espa\u00f1ola de Arquitectura y Urbanismo, celebradas entre 2010 y 2025:<\/p>\n\n\n\n<p>XVII BEAU: Facultad de Filosof\u00eda de Zaragoza &lt;Seleccionado&gt;<\/p>\n\n\n\n<p>XVI BEAU: Pabell\u00f3n Social Miralbueno-El Olivar. Zaragoza &lt;Seleccionado&gt;<\/p>\n\n\n\n<p>XV BEAU: Auditorio Municipal de Illueca &lt;Finalista&gt;<\/p>\n\n\n\n<p>XIII BEAU: Centro de Educaci\u00f3n Infantil Valdespartera. Zaragoza &lt;Seleccionado&gt;<\/p>\n\n\n\n<p>XII BEAU: Sede Comarcal del Bajo Mart\u00edn. H\u00edjar (Teruel) &lt;Seleccionado&gt;<\/p>\n\n\n\n<p>XI BEAU: Centro Ambiental del Ebro. Zaragoza &lt;Premiado&gt;<\/p>\n\n\n\n<p>XI BEAU: 44 Viviendas VPA en Tauste &lt;Seleccionado&gt;<\/p>\n\n\n\n<figure class=\"wp-block-image size-large\"><img loading=\"lazy\" width=\"1024\" height=\"682\" src=\"https:\/\/magenarquitectos.com\/wp-content\/uploads\/2025\/11\/01-FACULTAD-DE-FILOSOFIA-UNIZAR-003-1024x682.jpg\" alt=\"\" class=\"wp-image-18655\" srcset=\"https:\/\/magenarquitectos.com\/wp-content\/uploads\/2025\/11\/01-FACULTAD-DE-FILOSOFIA-UNIZAR-003-1024x682.jpg 1024w, https:\/\/magenarquitectos.com\/wp-content\/uploads\/2025\/11\/01-FACULTAD-DE-FILOSOFIA-UNIZAR-003-300x200.jpg 300w, https:\/\/magenarquitectos.com\/wp-content\/uploads\/2025\/11\/01-FACULTAD-DE-FILOSOFIA-UNIZAR-003-768x512.jpg 768w, https:\/\/magenarquitectos.com\/wp-content\/uploads\/2025\/11\/01-FACULTAD-DE-FILOSOFIA-UNIZAR-003.jpg 1240w\" sizes=\"(max-width: 1024px) 100vw, 1024px\" title=\"\"><\/figure>\n\n\n\n<figure class=\"wp-block-image size-large\"><img loading=\"lazy\" width=\"1024\" height=\"682\" src=\"https:\/\/magenarquitectos.com\/wp-content\/uploads\/2025\/11\/02-olivar_beau_01-1024x682.jpg\" alt=\"\" class=\"wp-image-18657\" srcset=\"https:\/\/magenarquitectos.com\/wp-content\/uploads\/2025\/11\/02-olivar_beau_01-1024x682.jpg 1024w, https:\/\/magenarquitectos.com\/wp-content\/uploads\/2025\/11\/02-olivar_beau_01-300x200.jpg 300w, https:\/\/magenarquitectos.com\/wp-content\/uploads\/2025\/11\/02-olivar_beau_01-768x512.jpg 768w, https:\/\/magenarquitectos.com\/wp-content\/uploads\/2025\/11\/02-olivar_beau_01.jpg 1240w\" sizes=\"(max-width: 1024px) 100vw, 1024px\" title=\"\"><\/figure>\n\n\n\n<figure class=\"wp-block-image size-large\"><img loading=\"lazy\" width=\"1024\" height=\"682\" src=\"https:\/\/magenarquitectos.com\/wp-content\/uploads\/2025\/11\/03-AUDITORIO-TEATRO-ILLUECA-004-1024x682.jpg\" alt=\"\" class=\"wp-image-18659\" srcset=\"https:\/\/magenarquitectos.com\/wp-content\/uploads\/2025\/11\/03-AUDITORIO-TEATRO-ILLUECA-004-1024x682.jpg 1024w, https:\/\/magenarquitectos.com\/wp-content\/uploads\/2025\/11\/03-AUDITORIO-TEATRO-ILLUECA-004-300x200.jpg 300w, https:\/\/magenarquitectos.com\/wp-content\/uploads\/2025\/11\/03-AUDITORIO-TEATRO-ILLUECA-004-768x512.jpg 768w, https:\/\/magenarquitectos.com\/wp-content\/uploads\/2025\/11\/03-AUDITORIO-TEATRO-ILLUECA-004.jpg 1240w\" sizes=\"(max-width: 1024px) 100vw, 1024px\" title=\"\"><\/figure>\n\n\n\n<figure class=\"wp-block-image size-large\"><img loading=\"lazy\" width=\"1024\" height=\"682\" src=\"https:\/\/magenarquitectos.com\/wp-content\/uploads\/2025\/11\/04-PG422_6-1024x682.jpg\" alt=\"\" class=\"wp-image-18661\" srcset=\"https:\/\/magenarquitectos.com\/wp-content\/uploads\/2025\/11\/04-PG422_6-1024x682.jpg 1024w, https:\/\/magenarquitectos.com\/wp-content\/uploads\/2025\/11\/04-PG422_6-300x200.jpg 300w, https:\/\/magenarquitectos.com\/wp-content\/uploads\/2025\/11\/04-PG422_6-768x512.jpg 768w, https:\/\/magenarquitectos.com\/wp-content\/uploads\/2025\/11\/04-PG422_6.jpg 1240w\" sizes=\"(max-width: 1024px) 100vw, 1024px\" title=\"\"><\/figure>\n\n\n\n<figure class=\"wp-block-image size-large\"><img loading=\"lazy\" width=\"1024\" height=\"682\" src=\"https:\/\/magenarquitectos.com\/wp-content\/uploads\/2025\/11\/05-PG324_2-1024x682.jpg\" alt=\"\" class=\"wp-image-18663\" srcset=\"https:\/\/magenarquitectos.com\/wp-content\/uploads\/2025\/11\/05-PG324_2-1024x682.jpg 1024w, https:\/\/magenarquitectos.com\/wp-content\/uploads\/2025\/11\/05-PG324_2-300x200.jpg 300w, https:\/\/magenarquitectos.com\/wp-content\/uploads\/2025\/11\/05-PG324_2-768x512.jpg 768w, https:\/\/magenarquitectos.com\/wp-content\/uploads\/2025\/11\/05-PG324_2.jpg 1240w\" sizes=\"(max-width: 1024px) 100vw, 1024px\" title=\"\"><\/figure>\n\n\n\n<figure class=\"wp-block-image size-large\"><img loading=\"lazy\" width=\"1024\" height=\"682\" src=\"https:\/\/magenarquitectos.com\/wp-content\/uploads\/2025\/11\/06_29453re-1024x682.jpg\" alt=\"\" class=\"wp-image-18665\" srcset=\"https:\/\/magenarquitectos.com\/wp-content\/uploads\/2025\/11\/06_29453re-1024x682.jpg 1024w, https:\/\/magenarquitectos.com\/wp-content\/uploads\/2025\/11\/06_29453re-300x200.jpg 300w, https:\/\/magenarquitectos.com\/wp-content\/uploads\/2025\/11\/06_29453re-768x512.jpg 768w, https:\/\/magenarquitectos.com\/wp-content\/uploads\/2025\/11\/06_29453re.jpg 1240w\" sizes=\"(max-width: 1024px) 100vw, 1024px\" title=\"\"><\/figure>\n\n\n\n<figure class=\"wp-block-image size-large\"><img loading=\"lazy\" width=\"1024\" height=\"682\" src=\"https:\/\/magenarquitectos.com\/wp-content\/uploads\/2025\/11\/07-PG232_16-1024x682.jpg\" alt=\"\" class=\"wp-image-18667\" srcset=\"https:\/\/magenarquitectos.com\/wp-content\/uploads\/2025\/11\/07-PG232_16-1024x682.jpg 1024w, https:\/\/magenarquitectos.com\/wp-content\/uploads\/2025\/11\/07-PG232_16-300x200.jpg 300w, https:\/\/magenarquitectos.com\/wp-content\/uploads\/2025\/11\/07-PG232_16-768x512.jpg 768w, https:\/\/magenarquitectos.com\/wp-content\/uploads\/2025\/11\/07-PG232_16.jpg 1240w\" sizes=\"(max-width: 1024px) 100vw, 1024px\" title=\"\"><\/figure>\n","protected":false},"excerpt":{"rendered":"<p>Obras del estudio distinguidas en las \u00faltimas 7 ediciones de la Bienal Espa\u00f1ola de Arquitectura y Urbanismo, celebradas entre 2010 y 2025: XVII BEAU: Facultad de Filosof\u00eda de Zaragoza &lt;Seleccionado&gt; XVI BEAU: Pabell\u00f3n Social Miralbueno-El Olivar. Zaragoza &lt;Seleccionado&gt; XV BEAU: Auditorio Municipal de Illueca &lt;Finalista&gt; XIII BEAU: Centro de Educaci\u00f3n Infantil Valdespartera. Zaragoza &lt;Seleccionado&gt; XII [&hellip;]<\/p>\n","protected":false},"author":1,"featured_media":0,"comment_status":"open","ping_status":"open","sticky":false,"template":"","format":"standard","meta":{"_monsterinsights_skip_tracking":false,"_monsterinsights_sitenote_active":false,"_monsterinsights_sitenote_note":"","_monsterinsights_sitenote_category":0},"categories":[113,195,175,200,220,227,258,260,65],"tags":[115,126,80,70,74],"_links":{"self":[{"href":"https:\/\/magenarquitectos.com\/en\/wp-json\/wp\/v2\/posts\/18654"}],"collection":[{"href":"https:\/\/magenarquitectos.com\/en\/wp-json\/wp\/v2\/posts"}],"about":[{"href":"https:\/\/magenarquitectos.com\/en\/wp-json\/wp\/v2\/types\/post"}],"author":[{"embeddable":true,"href":"https:\/\/magenarquitectos.com\/en\/wp-json\/wp\/v2\/users\/1"}],"replies":[{"embeddable":true,"href":"https:\/\/magenarquitectos.com\/en\/wp-json\/wp\/v2\/comments?post=18654"}],"version-history":[{"count":1,"href":"https:\/\/magenarquitectos.com\/en\/wp-json\/wp\/v2\/posts\/18654\/revisions"}],"predecessor-version":[{"id":18669,"href":"https:\/\/magenarquitectos.com\/en\/wp-json\/wp\/v2\/posts\/18654\/revisions\/18669"}],"wp:attachment":[{"href":"https:\/\/magenarquitectos.com\/en\/wp-json\/wp\/v2\/media?parent=18654"}],"wp:term":[{"taxonomy":"category","embeddable":true,"href":"https:\/\/magenarquitectos.com\/en\/wp-json\/wp\/v2\/categories?post=18654"},{"taxonomy":"post_tag","embeddable":true,"href":"https:\/\/magenarquitectos.com\/en\/wp-json\/wp\/v2\/tags?post=18654"}],"curies":[{"name":"wp","href":"https:\/\/api.w.org\/{rel}","templated":true}]}}