{"id":18682,"date":"2025-12-22T09:57:58","date_gmt":"2025-12-22T09:57:58","guid":{"rendered":"https:\/\/magenarquitectos.com\/?p=18682"},"modified":"2025-12-22T09:58:00","modified_gmt":"2025-12-22T09:58:00","slug":"finalizadas-las-obras-de-rehabilitacion-de-la-subdelegacion-del-gobierno-en-lleida","status":"publish","type":"post","link":"https:\/\/magenarquitectos.com\/en\/finalizadas-las-obras-de-rehabilitacion-de-la-subdelegacion-del-gobierno-en-lleida\/","title":{"rendered":"Finalizadas las obras de rehabilitaci\u00f3n de la Subdelegaci\u00f3n del Gobierno en Lleida"},"content":{"rendered":"\n<p>La sede de la Subdelegaci\u00f3n del Gobierno en Lleida fue construida en los a\u00f1os 50. Es un edificio catalogado como Bien de Inter\u00e9s Local en el PGOU de Lleida.<\/p>\n\n\n\n<p>La rehabilitaci\u00f3n ha consistido en la mejora de la envolvente y la reforma de las instalaciones para cumplir los requisitos de ahorro energ\u00e9tico del PIREP, manteniendo los valores arquitect\u00f3nicos e hist\u00f3ricos y los elementos con valor patrimonial del edificio.<\/p>\n\n\n\n<figure class=\"wp-block-image size-large\"><img loading=\"lazy\" width=\"1024\" height=\"607\" src=\"https:\/\/magenarquitectos.com\/wp-content\/uploads\/2025\/12\/01_d-1024x607.jpg\" alt=\"\" class=\"wp-image-18683\" srcset=\"https:\/\/magenarquitectos.com\/wp-content\/uploads\/2025\/12\/01_d-1024x607.jpg 1024w, https:\/\/magenarquitectos.com\/wp-content\/uploads\/2025\/12\/01_d-300x178.jpg 300w, https:\/\/magenarquitectos.com\/wp-content\/uploads\/2025\/12\/01_d-768x456.jpg 768w, https:\/\/magenarquitectos.com\/wp-content\/uploads\/2025\/12\/01_d-1536x911.jpg 1536w, https:\/\/magenarquitectos.com\/wp-content\/uploads\/2025\/12\/01_d-2048x1215.jpg 2048w\" sizes=\"(max-width: 1024px) 100vw, 1024px\" title=\"\"><\/figure>\n\n\n\n<figure class=\"wp-block-image size-large\"><img loading=\"lazy\" width=\"1024\" height=\"784\" src=\"https:\/\/magenarquitectos.com\/wp-content\/uploads\/2025\/12\/08_d-1024x784.jpg\" alt=\"\" class=\"wp-image-18685\" srcset=\"https:\/\/magenarquitectos.com\/wp-content\/uploads\/2025\/12\/08_d-1024x784.jpg 1024w, https:\/\/magenarquitectos.com\/wp-content\/uploads\/2025\/12\/08_d-300x230.jpg 300w, https:\/\/magenarquitectos.com\/wp-content\/uploads\/2025\/12\/08_d-768x588.jpg 768w, https:\/\/magenarquitectos.com\/wp-content\/uploads\/2025\/12\/08_d.jpg 1240w\" sizes=\"(max-width: 1024px) 100vw, 1024px\" title=\"\"><\/figure>\n\n\n\n<figure class=\"wp-block-image size-large\"><img loading=\"lazy\" width=\"1024\" height=\"768\" src=\"https:\/\/magenarquitectos.com\/wp-content\/uploads\/2025\/12\/09_d-1024x768.jpg\" alt=\"\" class=\"wp-image-18687\" srcset=\"https:\/\/magenarquitectos.com\/wp-content\/uploads\/2025\/12\/09_d-1024x768.jpg 1024w, https:\/\/magenarquitectos.com\/wp-content\/uploads\/2025\/12\/09_d-300x225.jpg 300w, https:\/\/magenarquitectos.com\/wp-content\/uploads\/2025\/12\/09_d-768x576.jpg 768w, https:\/\/magenarquitectos.com\/wp-content\/uploads\/2025\/12\/09_d.jpg 1240w\" sizes=\"(max-width: 1024px) 100vw, 1024px\" title=\"\"><\/figure>\n\n\n\n<figure class=\"wp-block-image size-large\"><img loading=\"lazy\" width=\"1024\" height=\"741\" src=\"https:\/\/magenarquitectos.com\/wp-content\/uploads\/2025\/12\/15_d1-1024x741.jpg\" alt=\"\" class=\"wp-image-18689\" srcset=\"https:\/\/magenarquitectos.com\/wp-content\/uploads\/2025\/12\/15_d1-1024x741.jpg 1024w, https:\/\/magenarquitectos.com\/wp-content\/uploads\/2025\/12\/15_d1-300x217.jpg 300w, https:\/\/magenarquitectos.com\/wp-content\/uploads\/2025\/12\/15_d1-768x556.jpg 768w, https:\/\/magenarquitectos.com\/wp-content\/uploads\/2025\/12\/15_d1.jpg 1240w\" sizes=\"(max-width: 1024px) 100vw, 1024px\" title=\"\"><\/figure>\n\n\n\n<figure class=\"wp-block-image size-large\"><img loading=\"lazy\" width=\"1024\" height=\"725\" src=\"https:\/\/magenarquitectos.com\/wp-content\/uploads\/2025\/12\/04_montaje-1024x725.jpg\" alt=\"\" class=\"wp-image-18691\" srcset=\"https:\/\/magenarquitectos.com\/wp-content\/uploads\/2025\/12\/04_montaje-1024x725.jpg 1024w, https:\/\/magenarquitectos.com\/wp-content\/uploads\/2025\/12\/04_montaje-300x212.jpg 300w, https:\/\/magenarquitectos.com\/wp-content\/uploads\/2025\/12\/04_montaje-768x544.jpg 768w, https:\/\/magenarquitectos.com\/wp-content\/uploads\/2025\/12\/04_montaje-1536x1087.jpg 1536w, https:\/\/magenarquitectos.com\/wp-content\/uploads\/2025\/12\/04_montaje.jpg 1752w\" sizes=\"(max-width: 1024px) 100vw, 1024px\" title=\"\"><\/figure>\n\n\n\n<figure class=\"wp-block-image size-large\"><img loading=\"lazy\" width=\"1024\" height=\"383\" src=\"https:\/\/magenarquitectos.com\/wp-content\/uploads\/2025\/12\/11_montaje-1024x383.jpg\" alt=\"\" class=\"wp-image-18695\" srcset=\"https:\/\/magenarquitectos.com\/wp-content\/uploads\/2025\/12\/11_montaje-1024x383.jpg 1024w, https:\/\/magenarquitectos.com\/wp-content\/uploads\/2025\/12\/11_montaje-300x112.jpg 300w, https:\/\/magenarquitectos.com\/wp-content\/uploads\/2025\/12\/11_montaje-768x287.jpg 768w, https:\/\/magenarquitectos.com\/wp-content\/uploads\/2025\/12\/11_montaje-1536x574.jpg 1536w, https:\/\/magenarquitectos.com\/wp-content\/uploads\/2025\/12\/11_montaje-2048x766.jpg 2048w\" sizes=\"(max-width: 1024px) 100vw, 1024px\" title=\"\"><\/figure>\n","protected":false},"excerpt":{"rendered":"<p>La sede de la Subdelegaci\u00f3n del Gobierno en Lleida fue construida en los a\u00f1os 50. Es un edificio catalogado como Bien de Inter\u00e9s Local en el PGOU de Lleida. La rehabilitaci\u00f3n ha consistido en la mejora de la envolvente y la reforma de las instalaciones para cumplir los requisitos de ahorro energ\u00e9tico del PIREP, manteniendo [&hellip;]<\/p>\n","protected":false},"author":1,"featured_media":0,"comment_status":"open","ping_status":"open","sticky":false,"template":"","format":"standard","meta":{"_monsterinsights_skip_tracking":false,"_monsterinsights_sitenote_active":false,"_monsterinsights_sitenote_note":"","_monsterinsights_sitenote_category":0},"categories":[65,77,92],"tags":[100,115,80,93,94,104,82,74],"_links":{"self":[{"href":"https:\/\/magenarquitectos.com\/en\/wp-json\/wp\/v2\/posts\/18682"}],"collection":[{"href":"https:\/\/magenarquitectos.com\/en\/wp-json\/wp\/v2\/posts"}],"about":[{"href":"https:\/\/magenarquitectos.com\/en\/wp-json\/wp\/v2\/types\/post"}],"author":[{"embeddable":true,"href":"https:\/\/magenarquitectos.com\/en\/wp-json\/wp\/v2\/users\/1"}],"replies":[{"embeddable":true,"href":"https:\/\/magenarquitectos.com\/en\/wp-json\/wp\/v2\/comments?post=18682"}],"version-history":[{"count":1,"href":"https:\/\/magenarquitectos.com\/en\/wp-json\/wp\/v2\/posts\/18682\/revisions"}],"predecessor-version":[{"id":18697,"href":"https:\/\/magenarquitectos.com\/en\/wp-json\/wp\/v2\/posts\/18682\/revisions\/18697"}],"wp:attachment":[{"href":"https:\/\/magenarquitectos.com\/en\/wp-json\/wp\/v2\/media?parent=18682"}],"wp:term":[{"taxonomy":"category","embeddable":true,"href":"https:\/\/magenarquitectos.com\/en\/wp-json\/wp\/v2\/categories?post=18682"},{"taxonomy":"post_tag","embeddable":true,"href":"https:\/\/magenarquitectos.com\/en\/wp-json\/wp\/v2\/tags?post=18682"}],"curies":[{"name":"wp","href":"https:\/\/api.w.org\/{rel}","templated":true}]}}