{"id":18698,"date":"2026-01-07T08:30:00","date_gmt":"2026-01-07T08:30:00","guid":{"rendered":"https:\/\/magenarquitectos.com\/?p=18698"},"modified":"2026-01-06T13:01:49","modified_gmt":"2026-01-06T13:01:49","slug":"2025-resumen-grafico","status":"publish","type":"post","link":"https:\/\/magenarquitectos.com\/en\/2025-resumen-grafico\/","title":{"rendered":"2025. Resumen gr\u00e1fico"},"content":{"rendered":"\n<figure class=\"wp-block-image size-large\"><img loading=\"lazy\" width=\"1024\" height=\"921\" src=\"https:\/\/magenarquitectos.com\/wp-content\/uploads\/2025\/12\/2025_res-1024x921.jpg\" alt=\"\" class=\"wp-image-18699\" srcset=\"https:\/\/magenarquitectos.com\/wp-content\/uploads\/2025\/12\/2025_res-1024x921.jpg 1024w, https:\/\/magenarquitectos.com\/wp-content\/uploads\/2025\/12\/2025_res-300x270.jpg 300w, https:\/\/magenarquitectos.com\/wp-content\/uploads\/2025\/12\/2025_res-768x691.jpg 768w, https:\/\/magenarquitectos.com\/wp-content\/uploads\/2025\/12\/2025_res-1536x1381.jpg 1536w, https:\/\/magenarquitectos.com\/wp-content\/uploads\/2025\/12\/2025_res.jpg 1667w\" sizes=\"(max-width: 1024px) 100vw, 1024px\" title=\"\"><\/figure>\n\n\n\n<p><strong>(1)<\/strong>&nbsp;Finalizadas las obras de Rehabilitaci\u00f3n de la Subdelegaci\u00f3n del Gobierno en LLeida <a href=\"https:\/\/magenarquitectos.com\/finalizadas-las-obras-de-rehabilitacion-de-la-subdelegacion-del-gobierno-en-lleida\/\">[ir]<\/a> \/ Finished the works of Renovation of a Government building in Lleida <a href=\"https:\/\/magenarquitectos.com\/finalizadas-las-obras-de-rehabilitacion-de-la-subdelegacion-del-gobierno-en-lleida\/\">[go]<\/a><\/p>\n\n\n\n<p><strong>(2)<\/strong>&nbsp;La <a href=\"https:\/\/magenarquitectos.com\/proyectos\/facultad-de-filosofia-y-letras-universidad-de-zaragoza\/\">Facultad de Filosof\u00eda y Letras de la Universidad de Zaragoza<\/a>, Seleccionada en la XVII Bienal Espa\u00f1ola de Arquitectura y Urbanismo <a href=\"https:\/\/magenarquitectos.com\/la-facultad-de-filosofia-y-letras-seleccionada-en-la-xvi-bienal-espanola-de-arquitectura-y-urbanismo\/\">[ir]<\/a> \/ <a href=\"https:\/\/magenarquitectos.com\/en\/projects\/facultad-de-filosofia-y-letras-universidad-de-zaragoza\/\">Renovation and Extension of Philosophy Faculty. University of Zaragoza<\/a>, Selected in 17th Spanish Biennial of Architecture and Urbanism  <a href=\"https:\/\/magenarquitectos.com\/la-facultad-de-filosofia-y-letras-seleccionada-en-los-premios-fad\/\">[go]<\/a> <\/p>\n\n\n\n<p><strong>(3)<\/strong>&nbsp;La <a href=\"https:\/\/magenarquitectos.com\/proyectos\/facultad-de-filosofia-y-letras-universidad-de-zaragoza\/\">Facultad de Filosof\u00eda y Letras de la Universidad de Zaragoza<\/a>, Obra Ganadora en los XXXIX Premios Garcia Mercadal del Colegio Oficial de Arquitectos de Arag\u00f3n <a href=\"https:\/\/magenarquitectos.com\/xxxix-premio-fernando-garcia-mercadal\/\">[ir]<\/a> \/ <a href=\"https:\/\/magenarquitectos.com\/en\/projects\/facultad-de-filosofia-y-letras-universidad-de-zaragoza\/\">Renovation and Extension of Philosophy Faculty. University of Zaragoza<\/a>, Winner in 39th Garcia Mercadal Awards by Aragon Institute od Architects  <a href=\"https:\/\/magenarquitectos.com\/xxxix-premio-fernando-garcia-mercadal\/\">[go]<\/a> <\/p>\n\n\n\n<p><strong>(4)<\/strong>&nbsp;La <a href=\"https:\/\/magenarquitectos.com\/proyectos\/facultad-de-filosofia-y-letras-universidad-de-zaragoza\/\">Facultad de Filosof\u00eda y Letras de la Universidad de Zaragoza<\/a>, Obra Ganadora en los Premios A+ 2025 al Mejor Edificio Docente <a href=\"https:\/\/magenarquitectos.com\/la-facultad-de-filosofia-y-letras-ganadora-de-los-premios-a-2025\/\">[ir]<\/a> \/ <a href=\"https:\/\/magenarquitectos.com\/en\/projects\/facultad-de-filosofia-y-letras-universidad-de-zaragoza\/\">Renovation and Extension of Philosophy Faculty. University of Zaragoza<\/a>, Best Educational  Building in A+ Awards 2025  <a href=\"https:\/\/magenarquitectos.com\/la-facultad-de-filosofia-y-letras-ganadora-de-los-premios-a-2025\/\">[go]<\/a> <\/p>\n\n\n\n<p><strong>(5)<\/strong>\u00a0\u00c1gora verde, la propuesta presentada por Mag\u00e9n Arquitectos, ha sido la ganadora del Concurso de Proyectos, an\u00f3nimo y con jurado, para el<a href=\"https:\/\/magenarquitectos.com\/proyectos\/centro-digital-fp-en-dat-alierta\/\"> nuevo Centro de FP Digital en el DAT Alierta<\/a>  <a href=\"https:\/\/magenarquitectos.com\/primer-premio-concurso-para-el-nuevo-centro-de-fp-digital-en-el-dat-alierta\/\">[ir]<\/a> \/ Agora Verde, proposal by Magen Arquitectos, wins the Ideas Competition to design the <a href=\"https:\/\/magenarquitectos.com\/en\/projects\/18714-2\/\">new building for Digital-FP Centre in Campus DAT Alierta<\/a>  <a href=\"https:\/\/magenarquitectos.com\/primer-premio-concurso-para-el-nuevo-centro-de-fp-digital-en-el-dat-alierta\/\">[go]<\/a><\/p>\n\n\n\n<p><strong>(6)<\/strong>\u00a0Moebius, la propuesta presentada por Mag\u00e9n Arquitectos, ha sido la ganadora del Concurso de Proyectos, an\u00f3nimo y con jurado, para el <a href=\"https:\/\/magenarquitectos.com\/proyectos\/edificio-empresas-dat-alierta\/\">nuevo Edificio para empresas en el DAT Aliert<\/a>a.  <a href=\"https:\/\/magenarquitectos.com\/primer-premio-concurso-para-el-nuevo-edificio-para-empresas-en-el-dat-alierta\/\">[ir]<\/a> \/ Moebius, proposal by Magen Arquitectos, wins the Ideas Competition to design the <a href=\"https:\/\/magenarquitectos.com\/en\/projects\/office-building-dat-alierta\/\">new Building for companies  in Campus DAT Alierta<\/a>  <a href=\"https:\/\/magenarquitectos.com\/primer-premio-concurso-para-el-nuevo-edificio-para-empresas-en-el-dat-alierta\/\">[go]<\/a><\/p>\n\n\n\n<p><strong>(7)<\/strong>&nbsp;Conferencia en la ETSAUN de la Universidad de Navarra &#8220;Mag\u00e9n Arquitectos, materialidad en contexto&#8221; <a href=\"https:\/\/magenarquitectos.com\/conferencia-en-la-etsaun-magen-arquitectos-materialidad-en-contexto-2\/\">[ir]<\/a> \/ Lecture at ETSAUN. Navarra University &#8220;Magen Arquitectos, material context&#8221; <a href=\"https:\/\/magenarquitectos.com\/conferencia-en-la-etsaun-magen-arquitectos-materialidad-en-contexto-2\/\">[go]<\/a> <\/p>\n\n\n\n<p><strong>(8)<\/strong>&nbsp;Conferencia inaugural del Master MUA en la Universidad Rey Juan Carlos &#8220;Mag\u00e9n Arquitectos, 9 arquitecturas para una ciudad&#8221; <a href=\"https:\/\/magenarquitectos.com\/conferencia-inaugural-del-master-mua-de-la-universidad-rey-juan-carlos\/\">[ir]<\/a> \/ Inaugural lecture of Master MUA at Rey Juan Carlos University  &#8220;Magen Arquitectos, 9 architectures for a city&#8221; <a href=\"https:\/\/magenarquitectos.com\/conferencia-inaugural-del-master-mua-de-la-universidad-rey-juan-carlos\/\">[go]<\/a> <\/p>\n\n\n\n<p><strong>(9)<\/strong>&nbsp;&nbsp;El <a href=\"https:\/\/magenarquitectos.com\/proyectos\/c-e-i-p-parque-venecia\/\">CEIP Parque Venecia<\/a>, publicado en Conarquitectura n\u00ba93 <a href=\"https:\/\/magenarquitectos.com\/el-ceip-parque-venecia-publicado-en-conarquitectura-93\/\">[ir]<\/a> \/ <a href=\"https:\/\/magenarquitectos.com\/en\/projects\/school-complex-parque-venecia\/\">Parque Venecia school complex<\/a> published in Conarquitectura, issue 93 <a href=\"https:\/\/magenarquitectos.com\/el-ceip-parque-venecia-publicado-en-conarquitectura-93\/\">[go]<\/a><\/p>\n\n\n\n<p><strong>(10)<\/strong> La Escuela Primaria Havel en Spandau, Berl\u00edn, obra de SulitzeMu\u00f1oz Arquitectos y Mag\u00e9n Arquitectos, publicada en Wettbewerbe Aktuell, n\u00ba 4\/2025 <a href=\"https:\/\/magenarquitectos.com\/wettbewerbe-aktuell-features-the-primary-school-and-sports-center-in-spandau-berlin\/\">[ir]<\/a> \/  Primary School and Sports Hall in Spandau, Berlin, by SulitzeMunoz Arquitectos and Magen Arqutiectos, published in Wettbewerbe Aktuell, isuue 04\/2025 <a href=\"https:\/\/magenarquitectos.com\/wettbewerbe-aktuell-features-the-primary-school-and-sports-center-in-spandau-berlin\/\">[go]<\/a><\/p>\n\n\n\n<p><\/p>\n","protected":false},"excerpt":{"rendered":"<p>(1)&nbsp;Finalizadas las obras de Rehabilitaci\u00f3n de la Subdelegaci\u00f3n del Gobierno en LLeida [ir] \/ Finished the works of Renovation of a Government building in Lleida [go] (2)&nbsp;La Facultad de Filosof\u00eda y Letras de la Universidad de Zaragoza, Seleccionada en la XVII Bienal Espa\u00f1ola de Arquitectura y Urbanismo [ir] \/ Renovation and Extension of Philosophy Faculty. [&hellip;]<\/p>\n","protected":false},"author":1,"featured_media":0,"comment_status":"open","ping_status":"open","sticky":false,"template":"","format":"standard","meta":{"_monsterinsights_skip_tracking":false,"_monsterinsights_sitenote_active":false,"_monsterinsights_sitenote_note":"","_monsterinsights_sitenote_category":0},"categories":[195,260,202,75,196,76,15,212,213,77,78,65,139,125,217,14,113,90,194,92,117],"tags":[100,114,115,62,129,134,80,140,216,89,70,93,94,82,83,74],"_links":{"self":[{"href":"https:\/\/magenarquitectos.com\/en\/wp-json\/wp\/v2\/posts\/18698"}],"collection":[{"href":"https:\/\/magenarquitectos.com\/en\/wp-json\/wp\/v2\/posts"}],"about":[{"href":"https:\/\/magenarquitectos.com\/en\/wp-json\/wp\/v2\/types\/post"}],"author":[{"embeddable":true,"href":"https:\/\/magenarquitectos.com\/en\/wp-json\/wp\/v2\/users\/1"}],"replies":[{"embeddable":true,"href":"https:\/\/magenarquitectos.com\/en\/wp-json\/wp\/v2\/comments?post=18698"}],"version-history":[{"count":5,"href":"https:\/\/magenarquitectos.com\/en\/wp-json\/wp\/v2\/posts\/18698\/revisions"}],"predecessor-version":[{"id":18743,"href":"https:\/\/magenarquitectos.com\/en\/wp-json\/wp\/v2\/posts\/18698\/revisions\/18743"}],"wp:attachment":[{"href":"https:\/\/magenarquitectos.com\/en\/wp-json\/wp\/v2\/media?parent=18698"}],"wp:term":[{"taxonomy":"category","embeddable":true,"href":"https:\/\/magenarquitectos.com\/en\/wp-json\/wp\/v2\/categories?post=18698"},{"taxonomy":"post_tag","embeddable":true,"href":"https:\/\/magenarquitectos.com\/en\/wp-json\/wp\/v2\/tags?post=18698"}],"curies":[{"name":"wp","href":"https:\/\/api.w.org\/{rel}","templated":true}]}}