{"id":18796,"date":"2026-04-27T08:08:00","date_gmt":"2026-04-27T08:08:00","guid":{"rendered":"https:\/\/magenarquitectos.com\/?p=18796"},"modified":"2026-04-27T09:22:59","modified_gmt":"2026-04-27T09:22:59","slug":"inaugurada-la-galeria-de-presidentes-del-edificio-pignatelli","status":"publish","type":"post","link":"https:\/\/magenarquitectos.com\/en\/inaugurada-la-galeria-de-presidentes-del-edificio-pignatelli\/","title":{"rendered":"Inaugurada la Galer\u00eda de Presidentes del Edificio Pignatelli"},"content":{"rendered":"\n<p>Con motivo del D\u00eda de Arag\u00f3n, Jorge Azc\u00f3n, presidente del Gobierno de Arag\u00f3n<strong>,<\/strong>&nbsp;ha inaugurado la&nbsp;Galer\u00eda de Retratos de los ex presidentes de Arag\u00f3n, en el deambulatorio de la Sala de la Corona del Edificio Pignatelli. El presidente ha incidido en que la galer\u00eda dignifica un&nbsp;espacio emblem\u00e1tico del edificio y lo abre a la ciudadan\u00eda&nbsp;con una clara vocaci\u00f3n p\u00fablica.<\/p>\n\n\n\n<p>La actuaci\u00f3n forma parte de la Rehabilitaci\u00f3n energ\u00e9tica y funcional del edificio Pignatelli, con proyecto y direcci\u00f3n de obra Mag\u00e9n Arquitectos. Las obras han sido realizadas por Grupo MLN.<\/p>\n\n\n\n<figure class=\"wp-block-image size-large\"><img loading=\"lazy\" width=\"1024\" height=\"582\" src=\"https:\/\/magenarquitectos.com\/wp-content\/uploads\/2026\/04\/galeria3-1024x582.jpg\" alt=\"\" class=\"wp-image-18805\" srcset=\"https:\/\/magenarquitectos.com\/wp-content\/uploads\/2026\/04\/galeria3-1024x582.jpg 1024w, https:\/\/magenarquitectos.com\/wp-content\/uploads\/2026\/04\/galeria3-300x171.jpg 300w, https:\/\/magenarquitectos.com\/wp-content\/uploads\/2026\/04\/galeria3-768x437.jpg 768w, https:\/\/magenarquitectos.com\/wp-content\/uploads\/2026\/04\/galeria3.jpg 1240w\" sizes=\"(max-width: 1024px) 100vw, 1024px\" title=\"\"><\/figure>\n\n\n\n<figure class=\"wp-block-image size-large\"><img loading=\"lazy\" width=\"1024\" height=\"652\" src=\"https:\/\/magenarquitectos.com\/wp-content\/uploads\/2026\/04\/galeria2-1024x652.jpg\" alt=\"\" class=\"wp-image-18799\" srcset=\"https:\/\/magenarquitectos.com\/wp-content\/uploads\/2026\/04\/galeria2-1024x652.jpg 1024w, https:\/\/magenarquitectos.com\/wp-content\/uploads\/2026\/04\/galeria2-300x191.jpg 300w, https:\/\/magenarquitectos.com\/wp-content\/uploads\/2026\/04\/galeria2-768x489.jpg 768w, https:\/\/magenarquitectos.com\/wp-content\/uploads\/2026\/04\/galeria2.jpg 1181w\" sizes=\"(max-width: 1024px) 100vw, 1024px\" title=\"\"><\/figure>\n","protected":false},"excerpt":{"rendered":"<p>Con motivo del D\u00eda de Arag\u00f3n, Jorge Azc\u00f3n, presidente del Gobierno de Arag\u00f3n,&nbsp;ha inaugurado la&nbsp;Galer\u00eda de Retratos de los ex presidentes de Arag\u00f3n, en el deambulatorio de la Sala de la Corona del Edificio Pignatelli. El presidente ha incidido en que la galer\u00eda dignifica un&nbsp;espacio emblem\u00e1tico del edificio y lo abre a la ciudadan\u00eda&nbsp;con una [&hellip;]<\/p>\n","protected":false},"author":1,"featured_media":0,"comment_status":"open","ping_status":"open","sticky":false,"template":"","format":"standard","meta":{"_monsterinsights_skip_tracking":false,"_monsterinsights_sitenote_active":false,"_monsterinsights_sitenote_note":"","_monsterinsights_sitenote_category":0},"categories":[86,77,92],"tags":[100,115,80,93,94,104,74],"_links":{"self":[{"href":"https:\/\/magenarquitectos.com\/en\/wp-json\/wp\/v2\/posts\/18796"}],"collection":[{"href":"https:\/\/magenarquitectos.com\/en\/wp-json\/wp\/v2\/posts"}],"about":[{"href":"https:\/\/magenarquitectos.com\/en\/wp-json\/wp\/v2\/types\/post"}],"author":[{"embeddable":true,"href":"https:\/\/magenarquitectos.com\/en\/wp-json\/wp\/v2\/users\/1"}],"replies":[{"embeddable":true,"href":"https:\/\/magenarquitectos.com\/en\/wp-json\/wp\/v2\/comments?post=18796"}],"version-history":[{"count":2,"href":"https:\/\/magenarquitectos.com\/en\/wp-json\/wp\/v2\/posts\/18796\/revisions"}],"predecessor-version":[{"id":18807,"href":"https:\/\/magenarquitectos.com\/en\/wp-json\/wp\/v2\/posts\/18796\/revisions\/18807"}],"wp:attachment":[{"href":"https:\/\/magenarquitectos.com\/en\/wp-json\/wp\/v2\/media?parent=18796"}],"wp:term":[{"taxonomy":"category","embeddable":true,"href":"https:\/\/magenarquitectos.com\/en\/wp-json\/wp\/v2\/categories?post=18796"},{"taxonomy":"post_tag","embeddable":true,"href":"https:\/\/magenarquitectos.com\/en\/wp-json\/wp\/v2\/tags?post=18796"}],"curies":[{"name":"wp","href":"https:\/\/api.w.org\/{rel}","templated":true}]}}