{"id":2270,"date":"2011-07-08T12:36:52","date_gmt":"2011-07-08T12:36:52","guid":{"rendered":"http:\/\/magenarquitectos.wordpress.com\/?p=2270"},"modified":"2021-06-17T10:08:16","modified_gmt":"2021-06-17T10:08:16","slug":"la-rehabilitacion-de-la-casa-julve-en-via-construccion","status":"publish","type":"post","link":"https:\/\/magenarquitectos.com\/en\/la-rehabilitacion-de-la-casa-julve-en-via-construccion\/","title":{"rendered":"La Rehabilitaci\u00f3n de la Casa Julve publicada en V\u00eda Construcci\u00f3n."},"content":{"rendered":"<p>La Rehabilitaci\u00f3n de la Casa julve,\u00a0 publicada en la revista V\u00eda Construcci\u00f3n, en el n\u00ba 92.<\/p>\n<p>Architectural publication &#8220;V\u00eda Construcci\u00f3n&#8221;\u00a0 features the Renovation of Casa julve in Alca\u00f1iz\u00a0 in its n\u00ba 92 issue.<\/p>\n<p style=\"text-align: center;\"><a href=\"https:\/\/magenarquitectos.com\/wp-content\/uploads\/2021\/06\/39-copia.jpg\"><img loading=\"lazy\" class=\"alignnone size-full wp-image-8435\" src=\"https:\/\/magenarquitectos.com\/wp-content\/uploads\/2021\/06\/39-copia.jpg\" alt=\"39-copia\" width=\"660\" height=\"995\" title=\"\"><\/a><\/p>\n","protected":false},"excerpt":{"rendered":"<p>La Rehabilitaci\u00f3n de la Casa julve,\u00a0 publicada en la revista V\u00eda Construcci\u00f3n, en el n\u00ba 92. Architectural publication &#8220;V\u00eda Construcci\u00f3n&#8221;\u00a0 features the Renovation of Casa julve in Alca\u00f1iz\u00a0 in its n\u00ba 92 issue.<\/p>\n","protected":false},"author":1,"featured_media":0,"comment_status":"open","ping_status":"open","sticky":false,"template":"","format":"standard","meta":{"_monsterinsights_skip_tracking":false,"_monsterinsights_sitenote_active":false,"_monsterinsights_sitenote_note":"","_monsterinsights_sitenote_category":0},"categories":[65,66,139,90,92],"tags":[133,140,89,93,94],"_links":{"self":[{"href":"https:\/\/magenarquitectos.com\/en\/wp-json\/wp\/v2\/posts\/2270"}],"collection":[{"href":"https:\/\/magenarquitectos.com\/en\/wp-json\/wp\/v2\/posts"}],"about":[{"href":"https:\/\/magenarquitectos.com\/en\/wp-json\/wp\/v2\/types\/post"}],"author":[{"embeddable":true,"href":"https:\/\/magenarquitectos.com\/en\/wp-json\/wp\/v2\/users\/1"}],"replies":[{"embeddable":true,"href":"https:\/\/magenarquitectos.com\/en\/wp-json\/wp\/v2\/comments?post=2270"}],"version-history":[{"count":1,"href":"https:\/\/magenarquitectos.com\/en\/wp-json\/wp\/v2\/posts\/2270\/revisions"}],"predecessor-version":[{"id":13617,"href":"https:\/\/magenarquitectos.com\/en\/wp-json\/wp\/v2\/posts\/2270\/revisions\/13617"}],"wp:attachment":[{"href":"https:\/\/magenarquitectos.com\/en\/wp-json\/wp\/v2\/media?parent=2270"}],"wp:term":[{"taxonomy":"category","embeddable":true,"href":"https:\/\/magenarquitectos.com\/en\/wp-json\/wp\/v2\/categories?post=2270"},{"taxonomy":"post_tag","embeddable":true,"href":"https:\/\/magenarquitectos.com\/en\/wp-json\/wp\/v2\/tags?post=2270"}],"curies":[{"name":"wp","href":"https:\/\/api.w.org\/{rel}","templated":true}]}}