{"id":2283,"date":"2011-07-25T08:56:13","date_gmt":"2011-07-25T08:56:13","guid":{"rendered":"http:\/\/magenarquitectos.wordpress.com\/?p=2283"},"modified":"2022-06-03T06:59:06","modified_gmt":"2022-06-03T06:59:06","slug":"entrevista-de-joaquin-carbonell-a-jaime-magen-en-el-periodico-de-aragon","status":"publish","type":"post","link":"https:\/\/magenarquitectos.com\/en\/entrevista-de-joaquin-carbonell-a-jaime-magen-en-el-periodico-de-aragon\/","title":{"rendered":"Entrevista de Joaqu\u00edn Carbonell a Jaime Mag\u00e9n en El Periodico de Arag\u00f3n"},"content":{"rendered":"<p><a href=\"https:\/\/magenarquitectos.com\/wp-content\/uploads\/2021\/06\/epa-copia.jpg\"><img loading=\"lazy\" class=\"size-full wp-image-8421 aligncenter\" src=\"https:\/\/magenarquitectos.com\/wp-content\/uploads\/2021\/06\/epa-copia.jpg\" alt=\"epa-copia\" width=\"660\" height=\"716\" title=\"\"><\/a><br \/>\n+info: <a href=\"https:\/\/www.elperiodicodearagon.com\/aragon\/2011\/07\/21\/jaime-magen-encantan-iniciativas-tipo-47614865.html\" target=\"_blank\" rel=\"nofollow noopener\">El Peri\u00f3dico de Arag\u00f3n<\/a><\/p>\n","protected":false},"excerpt":{"rendered":"<p>+info: El Peri\u00f3dico de Arag\u00f3n<\/p>\n","protected":false},"author":1,"featured_media":0,"comment_status":"open","ping_status":"open","sticky":false,"template":"","format":"standard","meta":{"_monsterinsights_skip_tracking":false,"_monsterinsights_sitenote_active":false,"_monsterinsights_sitenote_note":"","_monsterinsights_sitenote_category":0},"categories":[175,76,78,92],"tags":[152,123,74],"_links":{"self":[{"href":"https:\/\/magenarquitectos.com\/en\/wp-json\/wp\/v2\/posts\/2283"}],"collection":[{"href":"https:\/\/magenarquitectos.com\/en\/wp-json\/wp\/v2\/posts"}],"about":[{"href":"https:\/\/magenarquitectos.com\/en\/wp-json\/wp\/v2\/types\/post"}],"author":[{"embeddable":true,"href":"https:\/\/magenarquitectos.com\/en\/wp-json\/wp\/v2\/users\/1"}],"replies":[{"embeddable":true,"href":"https:\/\/magenarquitectos.com\/en\/wp-json\/wp\/v2\/comments?post=2283"}],"version-history":[{"count":2,"href":"https:\/\/magenarquitectos.com\/en\/wp-json\/wp\/v2\/posts\/2283\/revisions"}],"predecessor-version":[{"id":16402,"href":"https:\/\/magenarquitectos.com\/en\/wp-json\/wp\/v2\/posts\/2283\/revisions\/16402"}],"wp:attachment":[{"href":"https:\/\/magenarquitectos.com\/en\/wp-json\/wp\/v2\/media?parent=2283"}],"wp:term":[{"taxonomy":"category","embeddable":true,"href":"https:\/\/magenarquitectos.com\/en\/wp-json\/wp\/v2\/categories?post=2283"},{"taxonomy":"post_tag","embeddable":true,"href":"https:\/\/magenarquitectos.com\/en\/wp-json\/wp\/v2\/tags?post=2283"}],"curies":[{"name":"wp","href":"https:\/\/api.w.org\/{rel}","templated":true}]}}