{"id":2294,"date":"2011-07-18T17:50:28","date_gmt":"2011-07-18T17:50:28","guid":{"rendered":"http:\/\/magenarquitectos.wordpress.com\/?p=2294"},"modified":"2021-06-17T10:08:15","modified_gmt":"2021-06-17T10:08:15","slug":"magen-arquitectos-en-aragon-television","status":"publish","type":"post","link":"https:\/\/magenarquitectos.com\/en\/magen-arquitectos-en-aragon-television\/","title":{"rendered":"Mag\u00e9n Arquitectos en Arag\u00f3n Televisi\u00f3n"},"content":{"rendered":"<p>[youtube=http:\/\/www.youtube.com\/watch?v=fWahEfnWZ4s]<\/p>\n","protected":false},"excerpt":{"rendered":"<p>[youtube=http:\/\/www.youtube.com\/watch?v=fWahEfnWZ4s]<\/p>\n","protected":false},"author":1,"featured_media":0,"comment_status":"open","ping_status":"open","sticky":false,"template":"","format":"standard","meta":{"_monsterinsights_skip_tracking":false,"_monsterinsights_sitenote_active":false,"_monsterinsights_sitenote_note":"","_monsterinsights_sitenote_category":0},"categories":[175,76,77,78,65,139,146,95],"tags":[79,80,81,82,83,147,74],"_links":{"self":[{"href":"https:\/\/magenarquitectos.com\/en\/wp-json\/wp\/v2\/posts\/2294"}],"collection":[{"href":"https:\/\/magenarquitectos.com\/en\/wp-json\/wp\/v2\/posts"}],"about":[{"href":"https:\/\/magenarquitectos.com\/en\/wp-json\/wp\/v2\/types\/post"}],"author":[{"embeddable":true,"href":"https:\/\/magenarquitectos.com\/en\/wp-json\/wp\/v2\/users\/1"}],"replies":[{"embeddable":true,"href":"https:\/\/magenarquitectos.com\/en\/wp-json\/wp\/v2\/comments?post=2294"}],"version-history":[{"count":1,"href":"https:\/\/magenarquitectos.com\/en\/wp-json\/wp\/v2\/posts\/2294\/revisions"}],"predecessor-version":[{"id":13607,"href":"https:\/\/magenarquitectos.com\/en\/wp-json\/wp\/v2\/posts\/2294\/revisions\/13607"}],"wp:attachment":[{"href":"https:\/\/magenarquitectos.com\/en\/wp-json\/wp\/v2\/media?parent=2294"}],"wp:term":[{"taxonomy":"category","embeddable":true,"href":"https:\/\/magenarquitectos.com\/en\/wp-json\/wp\/v2\/categories?post=2294"},{"taxonomy":"post_tag","embeddable":true,"href":"https:\/\/magenarquitectos.com\/en\/wp-json\/wp\/v2\/tags?post=2294"}],"curies":[{"name":"wp","href":"https:\/\/api.w.org\/{rel}","templated":true}]}}