{"id":2297,"date":"2011-07-21T08:30:24","date_gmt":"2011-07-21T08:30:24","guid":{"rendered":"http:\/\/magenarquitectos.wordpress.com\/?p=2297"},"modified":"2021-06-17T10:08:15","modified_gmt":"2021-06-17T10:08:15","slug":"xi-bienal-espanola-de-arquitectura-y-urbanismo-beau-entrega-de-premios","status":"publish","type":"post","link":"https:\/\/magenarquitectos.com\/en\/xi-bienal-espanola-de-arquitectura-y-urbanismo-beau-entrega-de-premios\/","title":{"rendered":"XI Bienal Espa\u00f1ola de Arquitectura y Urbanismo (BEAU). Entrega de premios"},"content":{"rendered":"<p><a href=\"https:\/\/magenarquitectos.com\/wp-content\/uploads\/2021\/06\/beauxi_rojo_logo.png\"><img loading=\"lazy\" class=\"size-full wp-image-8431 aligncenter\" src=\"https:\/\/magenarquitectos.com\/wp-content\/uploads\/2021\/06\/beauxi_rojo_logo.png\" alt=\"beauxi_rojo_logo\" width=\"420\" height=\"62\" title=\"\"><\/a><\/p>\n<p>La secretaria de Estado de Vivienda y Actuaciones Urbanas, Beatriz Corredor, preside el jueves 21 de julio en el municipio c\u00e1ntabro de Comillas la entrega de premios de la XI Bienal Espa\u00f1ola de Arquitectura y Urbanismo. En el mismo acto se inaugurar\u00e1 la exposici\u00f3n de las 40 obras finalistas de la BEAU, que ha batido todos los records de participaci\u00f3n anteriores ya que se presentaron a la convocatoria 734 propuestas, casi un 50% m\u00e1s que en la edici\u00f3n anterior.<\/p>\n<p>Bajo el lema Lo pr\u00f3ximo, lo necesario, la XI BEAU entiende la proximidad y la necesidad como ingredientes nucleares de todo proyecto arquitect\u00f3nico y urban\u00edstico, que ha de ser principio y reflejo de procesos de investigaci\u00f3n, t\u00e9cnicos, culturales y sociales.<\/p>\n<p>La XI BEAU est\u00e1 dirigida por F\u00e9lix Arranz, arquitecto y editor,\u00a0 y Joaqu\u00edn Sabat\u00e9, arquitecto y catedr\u00e1tico de Urbanismo.<\/p>\n<p>El Edificio para el Servicio de Medio Ambiente de Zaragoza ha sido una de las 40 obras finalistas de la XI Bienal Espa\u00f1ola de Arquitectura y Urbanismo (BEAU). Asimismo, tambi\u00e9n ha recibido una Menci\u00f3n al Premio Joven.<\/p>\n<p>El Jurado\u00a0 &#8220;apreci\u00f3 su idoneidad y maestr\u00eda en la respuesta a las cuestiones que se plantean para con el proyecto: recuperaci\u00f3n del paisaje e integraci\u00f3n en el medio; construcci\u00f3n como compromiso social, urbano y medioambiental; potencial del edificio y su cubierta como espacio p\u00fablico y captador energ\u00e9tico; percepci\u00f3n del lugar como experiencia de la arquitectura y, finalmente, expresi\u00f3n pl\u00e1stica de la materia.&#8221;<\/p>\n<p>Environmental Department of Zaragoza City Council\u00a0 in Zaragoza, by Mag\u00e9n Arquitectos, has been awarded in the XI Spanish Biennal of Architecture and Urbanism (BEAU). The work is one of the fourty Finalists, selected among 734 participants, and Mention in Young Prize.<\/p>\n","protected":false},"excerpt":{"rendered":"<p>La secretaria de Estado de Vivienda y Actuaciones Urbanas, Beatriz Corredor, preside el jueves 21 de julio en el municipio c\u00e1ntabro de Comillas la entrega de premios de la XI Bienal Espa\u00f1ola de Arquitectura y Urbanismo. En el mismo acto se inaugurar\u00e1 la exposici\u00f3n de las 40 obras finalistas de la BEAU, que ha batido [&hellip;]<\/p>\n","protected":false},"author":1,"featured_media":0,"comment_status":"open","ping_status":"open","sticky":false,"template":"","format":"standard","meta":{"_monsterinsights_skip_tracking":false,"_monsterinsights_sitenote_active":false,"_monsterinsights_sitenote_note":"","_monsterinsights_sitenote_category":0},"categories":[175,76,77,78,65,69,113],"tags":[62,126,79,80,87,68,81,70,82,83],"_links":{"self":[{"href":"https:\/\/magenarquitectos.com\/en\/wp-json\/wp\/v2\/posts\/2297"}],"collection":[{"href":"https:\/\/magenarquitectos.com\/en\/wp-json\/wp\/v2\/posts"}],"about":[{"href":"https:\/\/magenarquitectos.com\/en\/wp-json\/wp\/v2\/types\/post"}],"author":[{"embeddable":true,"href":"https:\/\/magenarquitectos.com\/en\/wp-json\/wp\/v2\/users\/1"}],"replies":[{"embeddable":true,"href":"https:\/\/magenarquitectos.com\/en\/wp-json\/wp\/v2\/comments?post=2297"}],"version-history":[{"count":1,"href":"https:\/\/magenarquitectos.com\/en\/wp-json\/wp\/v2\/posts\/2297\/revisions"}],"predecessor-version":[{"id":13606,"href":"https:\/\/magenarquitectos.com\/en\/wp-json\/wp\/v2\/posts\/2297\/revisions\/13606"}],"wp:attachment":[{"href":"https:\/\/magenarquitectos.com\/en\/wp-json\/wp\/v2\/media?parent=2297"}],"wp:term":[{"taxonomy":"category","embeddable":true,"href":"https:\/\/magenarquitectos.com\/en\/wp-json\/wp\/v2\/categories?post=2297"},{"taxonomy":"post_tag","embeddable":true,"href":"https:\/\/magenarquitectos.com\/en\/wp-json\/wp\/v2\/tags?post=2297"}],"curies":[{"name":"wp","href":"https:\/\/api.w.org\/{rel}","templated":true}]}}