{"id":2310,"date":"2011-07-28T17:36:30","date_gmt":"2011-07-28T17:36:30","guid":{"rendered":"http:\/\/magenarquitectos.wordpress.com\/?p=2310"},"modified":"2021-06-17T10:08:14","modified_gmt":"2021-06-17T10:08:14","slug":"magen-arquitectos-en-informativos-de-aragon-television","status":"publish","type":"post","link":"https:\/\/magenarquitectos.com\/en\/magen-arquitectos-en-informativos-de-aragon-television\/","title":{"rendered":"Mag\u00e9n Arquitectos en Informativos de Arag\u00f3n Televisi\u00f3n"},"content":{"rendered":"<p>[youtube=http:\/\/www.youtube.com\/watch?v=bANyWsIJz9k]<\/p>\n","protected":false},"excerpt":{"rendered":"<p>[youtube=http:\/\/www.youtube.com\/watch?v=bANyWsIJz9k]<\/p>\n","protected":false},"author":1,"featured_media":0,"comment_status":"open","ping_status":"open","sticky":false,"template":"","format":"standard","meta":{"_monsterinsights_skip_tracking":false,"_monsterinsights_sitenote_active":false,"_monsterinsights_sitenote_note":"","_monsterinsights_sitenote_category":0},"categories":[175,76,77,78,65,146],"tags":[79,80,81,82,83,147,74],"_links":{"self":[{"href":"https:\/\/magenarquitectos.com\/en\/wp-json\/wp\/v2\/posts\/2310"}],"collection":[{"href":"https:\/\/magenarquitectos.com\/en\/wp-json\/wp\/v2\/posts"}],"about":[{"href":"https:\/\/magenarquitectos.com\/en\/wp-json\/wp\/v2\/types\/post"}],"author":[{"embeddable":true,"href":"https:\/\/magenarquitectos.com\/en\/wp-json\/wp\/v2\/users\/1"}],"replies":[{"embeddable":true,"href":"https:\/\/magenarquitectos.com\/en\/wp-json\/wp\/v2\/comments?post=2310"}],"version-history":[{"count":1,"href":"https:\/\/magenarquitectos.com\/en\/wp-json\/wp\/v2\/posts\/2310\/revisions"}],"predecessor-version":[{"id":13597,"href":"https:\/\/magenarquitectos.com\/en\/wp-json\/wp\/v2\/posts\/2310\/revisions\/13597"}],"wp:attachment":[{"href":"https:\/\/magenarquitectos.com\/en\/wp-json\/wp\/v2\/media?parent=2310"}],"wp:term":[{"taxonomy":"category","embeddable":true,"href":"https:\/\/magenarquitectos.com\/en\/wp-json\/wp\/v2\/categories?post=2310"},{"taxonomy":"post_tag","embeddable":true,"href":"https:\/\/magenarquitectos.com\/en\/wp-json\/wp\/v2\/tags?post=2310"}],"curies":[{"name":"wp","href":"https:\/\/api.w.org\/{rel}","templated":true}]}}