{"id":2314,"date":"2011-08-04T10:11:35","date_gmt":"2011-08-04T10:11:35","guid":{"rendered":"http:\/\/magenarquitectos.wordpress.com\/?p=2314"},"modified":"2021-06-17T10:08:14","modified_gmt":"2021-06-17T10:08:14","slug":"xi-bienal-espanola-de-arquitectura-y-urbanismo-beau-exposicion-en-comillas","status":"publish","type":"post","link":"https:\/\/magenarquitectos.com\/en\/xi-bienal-espanola-de-arquitectura-y-urbanismo-beau-exposicion-en-comillas\/","title":{"rendered":"XI Bienal Espa\u00f1ola de Arquitectura y Urbanismo (BEAU). Exposici\u00f3n en Comillas."},"content":{"rendered":"<p>La secretaria de Estado de Vivienda y Actuaciones Urbanas, Beatriz Corredor, ha presidido el jueves 21 de julio en\u00a0\u00a0la Fundaci\u00f3n\u00a0Comillas la entrega de premios de la XI Bienal Espa\u00f1ola de Arquitectura y Urbanismo. En el mismo acto se ha inaugurado la exposici\u00f3n itinerante de las obras presentadas a\u00a0 la XI BEAU, que\u00a0se puede visitar en la Fundaci\u00f3n Comillas\u00a0 desde el 21 de julio al 11 de septiembre de 2011.<\/p>\n<p>Bajo el lema \u201cLo pr\u00f3ximo, lo necesario\u201d, la XI BEAU entiende la proximidad y la necesidad como ingredientes nucleares de todo proyecto arquitect\u00f3nico y urban\u00edstico, que ha de ser principio y reflejo de procesos de investigaci\u00f3n, t\u00e9cnicos, culturales y sociales.<\/p>\n<p>La XI BEAU ha sido dirigida por F\u00e9lix Arranz, arquitecto y editor,\u00a0 y Joaqu\u00edn Sabat\u00e9, arquitecto y catedr\u00e1tico de Urbanismo<\/p>\n<p><a href=\"https:\/\/magenarquitectos.com\/wp-content\/uploads\/2021\/06\/expo-beau-comillas.jpg\"><img loading=\"lazy\" class=\"size-full wp-image-8425 aligncenter\" src=\"https:\/\/magenarquitectos.com\/wp-content\/uploads\/2021\/06\/expo-beau-comillas.jpg\" alt=\"expo-beau-comillas\" width=\"660\" height=\"311\" title=\"\"><\/a><\/p>\n","protected":false},"excerpt":{"rendered":"<p>La secretaria de Estado de Vivienda y Actuaciones Urbanas, Beatriz Corredor, ha presidido el jueves 21 de julio en\u00a0\u00a0la Fundaci\u00f3n\u00a0Comillas la entrega de premios de la XI Bienal Espa\u00f1ola de Arquitectura y Urbanismo. En el mismo acto se ha inaugurado la exposici\u00f3n itinerante de las obras presentadas a\u00a0 la XI BEAU, que\u00a0se puede visitar en [&hellip;]<\/p>\n","protected":false},"author":1,"featured_media":0,"comment_status":"open","ping_status":"open","sticky":false,"template":"","format":"standard","meta":{"_monsterinsights_skip_tracking":false,"_monsterinsights_sitenote_active":false,"_monsterinsights_sitenote_note":"","_monsterinsights_sitenote_category":0},"categories":[175,76,77,78,65,69],"tags":[62,126,79,80,87,68,81,70,82,83],"_links":{"self":[{"href":"https:\/\/magenarquitectos.com\/en\/wp-json\/wp\/v2\/posts\/2314"}],"collection":[{"href":"https:\/\/magenarquitectos.com\/en\/wp-json\/wp\/v2\/posts"}],"about":[{"href":"https:\/\/magenarquitectos.com\/en\/wp-json\/wp\/v2\/types\/post"}],"author":[{"embeddable":true,"href":"https:\/\/magenarquitectos.com\/en\/wp-json\/wp\/v2\/users\/1"}],"replies":[{"embeddable":true,"href":"https:\/\/magenarquitectos.com\/en\/wp-json\/wp\/v2\/comments?post=2314"}],"version-history":[{"count":1,"href":"https:\/\/magenarquitectos.com\/en\/wp-json\/wp\/v2\/posts\/2314\/revisions"}],"predecessor-version":[{"id":13596,"href":"https:\/\/magenarquitectos.com\/en\/wp-json\/wp\/v2\/posts\/2314\/revisions\/13596"}],"wp:attachment":[{"href":"https:\/\/magenarquitectos.com\/en\/wp-json\/wp\/v2\/media?parent=2314"}],"wp:term":[{"taxonomy":"category","embeddable":true,"href":"https:\/\/magenarquitectos.com\/en\/wp-json\/wp\/v2\/categories?post=2314"},{"taxonomy":"post_tag","embeddable":true,"href":"https:\/\/magenarquitectos.com\/en\/wp-json\/wp\/v2\/tags?post=2314"}],"curies":[{"name":"wp","href":"https:\/\/api.w.org\/{rel}","templated":true}]}}