{"id":2333,"date":"2011-08-30T17:08:37","date_gmt":"2011-08-30T17:08:37","guid":{"rendered":"http:\/\/magenarquitectos.wordpress.com\/?p=2333"},"modified":"2021-06-17T10:08:14","modified_gmt":"2021-06-17T10:08:14","slug":"xi-beau-book-catalog","status":"publish","type":"post","link":"https:\/\/magenarquitectos.com\/en\/xi-beau-book-catalog\/","title":{"rendered":"XI BEAU Book-Catalogue"},"content":{"rendered":"<p><a href=\"https:\/\/magenarquitectos.com\/wp-content\/uploads\/2021\/06\/219.jpg\"><img loading=\"lazy\" class=\"size-full wp-image-8415 aligncenter\" src=\"https:\/\/magenarquitectos.com\/wp-content\/uploads\/2021\/06\/219.jpg\" alt=\"219\" width=\"576\" height=\"379\" title=\"\"><\/a><\/p>\n<p>La Sede del Servicio de Medio Ambiente de Zaragoza (Edificio Europa), en el Libro-Cat\u00e1logo de la XI Bienal Espa\u00f1ola de Arquitectura y Urbanismo.<\/p>\n<p>Environmental Department by Mag\u00e9n Arquitectos, published in the book-catalogue of the XI Spanish Architecture and Urbanism Biennal.<br \/>\nhttp:\/\/xi.bienalarquitectura.es<\/p>\n","protected":false},"excerpt":{"rendered":"<p>La Sede del Servicio de Medio Ambiente de Zaragoza (Edificio Europa), en el Libro-Cat\u00e1logo de la XI Bienal Espa\u00f1ola de Arquitectura y Urbanismo. Environmental Department by Mag\u00e9n Arquitectos, published in the book-catalogue of the XI Spanish Architecture and Urbanism Biennal. http:\/\/xi.bienalarquitectura.es<\/p>\n","protected":false},"author":1,"featured_media":0,"comment_status":"open","ping_status":"open","sticky":false,"template":"","format":"standard","meta":{"_monsterinsights_skip_tracking":false,"_monsterinsights_sitenote_active":false,"_monsterinsights_sitenote_note":"","_monsterinsights_sitenote_category":0},"categories":[175,76,77,78,66,132,90],"tags":[62,126,119,79,80,87,81,70,82,83],"_links":{"self":[{"href":"https:\/\/magenarquitectos.com\/en\/wp-json\/wp\/v2\/posts\/2333"}],"collection":[{"href":"https:\/\/magenarquitectos.com\/en\/wp-json\/wp\/v2\/posts"}],"about":[{"href":"https:\/\/magenarquitectos.com\/en\/wp-json\/wp\/v2\/types\/post"}],"author":[{"embeddable":true,"href":"https:\/\/magenarquitectos.com\/en\/wp-json\/wp\/v2\/users\/1"}],"replies":[{"embeddable":true,"href":"https:\/\/magenarquitectos.com\/en\/wp-json\/wp\/v2\/comments?post=2333"}],"version-history":[{"count":1,"href":"https:\/\/magenarquitectos.com\/en\/wp-json\/wp\/v2\/posts\/2333\/revisions"}],"predecessor-version":[{"id":13586,"href":"https:\/\/magenarquitectos.com\/en\/wp-json\/wp\/v2\/posts\/2333\/revisions\/13586"}],"wp:attachment":[{"href":"https:\/\/magenarquitectos.com\/en\/wp-json\/wp\/v2\/media?parent=2333"}],"wp:term":[{"taxonomy":"category","embeddable":true,"href":"https:\/\/magenarquitectos.com\/en\/wp-json\/wp\/v2\/categories?post=2333"},{"taxonomy":"post_tag","embeddable":true,"href":"https:\/\/magenarquitectos.com\/en\/wp-json\/wp\/v2\/tags?post=2333"}],"curies":[{"name":"wp","href":"https:\/\/api.w.org\/{rel}","templated":true}]}}