{"id":2335,"date":"2011-08-22T08:36:24","date_gmt":"2011-08-22T08:36:24","guid":{"rendered":"http:\/\/magenarquitectos.wordpress.com\/?p=2335"},"modified":"2021-06-17T10:08:14","modified_gmt":"2021-06-17T10:08:14","slug":"xi-bienal-espanola-de-arquitectura-y-urbanismo-beau-video-resumen","status":"publish","type":"post","link":"https:\/\/magenarquitectos.com\/en\/xi-bienal-espanola-de-arquitectura-y-urbanismo-beau-video-resumen\/","title":{"rendered":"XI Bienal Espa\u00f1ola de Arquitectura y Urbanismo (BEAU). V\u00eddeo-resumen"},"content":{"rendered":"<p>V\u00eddeo resumen de la XI BEAU realizadas por Studio Banana TV en coordinaci\u00f3n con el equipo de comunicaci\u00f3n, documentaci\u00f3n y transparencia web a los miembros del jurado de la Bienal.<\/p>\n<p>[blip.tv http:\/\/blip.tv\/play\/hIpQgsiqVAI]<\/p>\n","protected":false},"excerpt":{"rendered":"<p>V\u00eddeo resumen de la XI BEAU realizadas por Studio Banana TV en coordinaci\u00f3n con el equipo de comunicaci\u00f3n, documentaci\u00f3n y transparencia web a los miembros del jurado de la Bienal. [blip.tv http:\/\/blip.tv\/play\/hIpQgsiqVAI]<\/p>\n","protected":false},"author":1,"featured_media":0,"comment_status":"open","ping_status":"open","sticky":false,"template":"","format":"standard","meta":{"_monsterinsights_skip_tracking":false,"_monsterinsights_sitenote_active":false,"_monsterinsights_sitenote_note":"","_monsterinsights_sitenote_category":0},"categories":[175,76,77,78,65,113,146],"tags":[62,126,79,80,87,81,70,82,83,147],"_links":{"self":[{"href":"https:\/\/magenarquitectos.com\/en\/wp-json\/wp\/v2\/posts\/2335"}],"collection":[{"href":"https:\/\/magenarquitectos.com\/en\/wp-json\/wp\/v2\/posts"}],"about":[{"href":"https:\/\/magenarquitectos.com\/en\/wp-json\/wp\/v2\/types\/post"}],"author":[{"embeddable":true,"href":"https:\/\/magenarquitectos.com\/en\/wp-json\/wp\/v2\/users\/1"}],"replies":[{"embeddable":true,"href":"https:\/\/magenarquitectos.com\/en\/wp-json\/wp\/v2\/comments?post=2335"}],"version-history":[{"count":1,"href":"https:\/\/magenarquitectos.com\/en\/wp-json\/wp\/v2\/posts\/2335\/revisions"}],"predecessor-version":[{"id":13587,"href":"https:\/\/magenarquitectos.com\/en\/wp-json\/wp\/v2\/posts\/2335\/revisions\/13587"}],"wp:attachment":[{"href":"https:\/\/magenarquitectos.com\/en\/wp-json\/wp\/v2\/media?parent=2335"}],"wp:term":[{"taxonomy":"category","embeddable":true,"href":"https:\/\/magenarquitectos.com\/en\/wp-json\/wp\/v2\/categories?post=2335"},{"taxonomy":"post_tag","embeddable":true,"href":"https:\/\/magenarquitectos.com\/en\/wp-json\/wp\/v2\/tags?post=2335"}],"curies":[{"name":"wp","href":"https:\/\/api.w.org\/{rel}","templated":true}]}}