{"id":2344,"date":"2011-09-05T08:00:10","date_gmt":"2011-09-05T08:00:10","guid":{"rendered":"http:\/\/magenarquitectos.wordpress.com\/?p=2344"},"modified":"2021-06-17T10:08:14","modified_gmt":"2021-06-17T10:08:14","slug":"joven-arquitectura-espanola-en-exit-express","status":"publish","type":"post","link":"https:\/\/magenarquitectos.com\/en\/joven-arquitectura-espanola-en-exit-express\/","title":{"rendered":"&#8220;Joven Arquitectura Espa\u00f1ola&#8221; en Exit Express n\u00ba 60"},"content":{"rendered":"<p><a href=\"https:\/\/magenarquitectos.com\/wp-content\/uploads\/2021\/06\/exitn60.jpg\"><img loading=\"lazy\" class=\"size-full wp-image-8411 aligncenter\" src=\"https:\/\/magenarquitectos.com\/wp-content\/uploads\/2021\/06\/exitn60.jpg\" alt=\"exitn60\" width=\"378\" height=\"500\" title=\"\"><\/a><\/p>\n<p style=\"text-align: left;\">&#8220;Un paso adelante de la \u00e9poca de los arquitectos estrellas, los j\u00f3venes arquitectos de hoy proyectan y construyen en tiempos de crisis. La conciencia social y sostenible y la supervivencia son algunos de los elementos del paisaje actual de este arte entre las artes.<\/p>\n<p><strong>EXIT <\/strong><em><strong>Express<\/strong> <\/em>dedica este n\u00famero a presentar algunos de los nombres y planteamientos b\u00e1sicos de la nueva arquitectura en Espa\u00f1a. Freddy Massad y Alicia Guerrero Yeste plantean en su texto <em>Arquitectos para un nuevo contexto,<\/em> sus tesis desde la idea de c\u00f3mo la crisis esta afectando a la arquitectura en sus ideas y objetivos. Ariadna Cantis se pregunta, nos pregunta a todos desde su texto: <em>\u00bfConstruir o no construir?, <\/em>c\u00f3mo hacerlo a partir de bajos presupuestos, preocupaciones pol\u00edticas, sociales, movilidad, temporalidad y subversi\u00f3n social.<\/p>\n<p>Estas preguntas se plantean en nuestro tema central. Las respuestas tal vez no las tenga nadie, o las tengamos todos, pero los planteamientos est\u00e1n en estas p\u00e1ginas junto a los nuevos nombres de la arquitectura espa\u00f1ola: LosdelDesierto, Mag\u00e9n Arquitectos, \u00c1balo Alonso, Jos\u00e9 Mar\u00eda S\u00e1nchez Garc\u00eda, H Arquitectes, Andr\u00e9s Jaque, Basurama, Rodrigo Garc\u00eda Gonz\u00e1lez, Ecosistema Urbano&#8230;.\u00a0\u00a0\u00a0 (&#8230;)&#8221;<\/p>\n<p><strong>EXIT <\/strong><em><strong>Express<\/strong><\/em>, Spanish publication about Contemporary Art, features an article, by Freddy Massad and Alicia Guerrero Yeste, about the young architecture in Spain in its issue 60. The article analyses the work of several Spanish firms:\u00a0 LosdelDesierto, Mag\u00e9n Arquitectos, \u00c1balo Alonso, Jos\u00e9 Mar\u00eda S\u00e1nchez Garc\u00eda, H Arquitectes, Andr\u00e9s Jaque, Basurama, Rodrigo Garc\u00eda Gonz\u00e1lez, Ecosistema Urbano.<\/p>\n<p>+info: <a href=\"http:\/\/www.exit-express.com\/home.php?seccion=enpapel\" rel=\"nofollow noopener\" target=\"_blank\">http:\/\/www.exit-express.com\/home.php?seccion=enpapel<\/a><\/p>\n<p style=\"text-align: center;\">\n","protected":false},"excerpt":{"rendered":"<p>&#8220;Un paso adelante de la \u00e9poca de los arquitectos estrellas, los j\u00f3venes arquitectos de hoy proyectan y construyen en tiempos de crisis. La conciencia social y sostenible y la supervivencia son algunos de los elementos del paisaje actual de este arte entre las artes. EXIT Express dedica este n\u00famero a presentar algunos de los nombres [&hellip;]<\/p>\n","protected":false},"author":1,"featured_media":0,"comment_status":"open","ping_status":"open","sticky":false,"template":"","format":"standard","meta":{"_monsterinsights_skip_tracking":false,"_monsterinsights_sitenote_active":false,"_monsterinsights_sitenote_note":"","_monsterinsights_sitenote_category":0},"categories":[76,77,78,65,132,90],"tags":[87,89,178],"_links":{"self":[{"href":"https:\/\/magenarquitectos.com\/en\/wp-json\/wp\/v2\/posts\/2344"}],"collection":[{"href":"https:\/\/magenarquitectos.com\/en\/wp-json\/wp\/v2\/posts"}],"about":[{"href":"https:\/\/magenarquitectos.com\/en\/wp-json\/wp\/v2\/types\/post"}],"author":[{"embeddable":true,"href":"https:\/\/magenarquitectos.com\/en\/wp-json\/wp\/v2\/users\/1"}],"replies":[{"embeddable":true,"href":"https:\/\/magenarquitectos.com\/en\/wp-json\/wp\/v2\/comments?post=2344"}],"version-history":[{"count":1,"href":"https:\/\/magenarquitectos.com\/en\/wp-json\/wp\/v2\/posts\/2344\/revisions"}],"predecessor-version":[{"id":13583,"href":"https:\/\/magenarquitectos.com\/en\/wp-json\/wp\/v2\/posts\/2344\/revisions\/13583"}],"wp:attachment":[{"href":"https:\/\/magenarquitectos.com\/en\/wp-json\/wp\/v2\/media?parent=2344"}],"wp:term":[{"taxonomy":"category","embeddable":true,"href":"https:\/\/magenarquitectos.com\/en\/wp-json\/wp\/v2\/categories?post=2344"},{"taxonomy":"post_tag","embeddable":true,"href":"https:\/\/magenarquitectos.com\/en\/wp-json\/wp\/v2\/tags?post=2344"}],"curies":[{"name":"wp","href":"https:\/\/api.w.org\/{rel}","templated":true}]}}