{"id":2357,"date":"2011-09-12T09:08:56","date_gmt":"2011-09-12T09:08:56","guid":{"rendered":"http:\/\/magenarquitectos.wordpress.com\/?p=2357"},"modified":"2022-02-02T15:39:39","modified_gmt":"2022-02-02T15:39:39","slug":"edificios-de-vivienda-colectiva-de-magen-arquitectos-en-tc-cuadernos-temas-de-arquitectura-n%c2%ba-13","status":"publish","type":"post","link":"https:\/\/magenarquitectos.com\/en\/edificios-de-vivienda-colectiva-de-magen-arquitectos-en-tc-cuadernos-temas-de-arquitectura-n%c2%ba-13\/","title":{"rendered":"Edificios de Vivienda Colectiva en TC CUADERNOS, Temas de Arquitectura n\u00ba 13"},"content":{"rendered":"<p><a href=\"https:\/\/magenarquitectos.com\/wp-content\/uploads\/2021\/06\/tc.jpg\"><img loading=\"lazy\" class=\"size-full wp-image-8401 aligncenter\" src=\"https:\/\/magenarquitectos.com\/wp-content\/uploads\/2021\/06\/tc.jpg\" alt=\"tc\" width=\"660\" height=\"510\" title=\"\"><\/a><\/p>\n<p>El n\u00ba 13 de la colecci\u00f3n Temas de Arquitectura de TC Cuadernos, dedicado a la Vivienda Colectiva, publica una selecci\u00f3n de 18 edificios residenciales realizados en Espa\u00f1a y Francia en los \u00faltimos a\u00f1os, que incluye dos obras de Mag\u00e9n Arquitectos: El Edificio de 68 VPA en la calle Biescas de Zaragoza, y el Edificio de 44 VPA en Tauste (Zaragoza).<\/p>\n<p>Spanish architectural publication &#8220;Temas de Arquitectura&#8221;, edited by TC Cuadernos, features in its 13th issue a selection of 18 housing buildings. including 68 Social Housing in Zaragoza and 44 Social Housing in Tauste, both by Mag\u00e9n Arquitectos.<br \/>\n+ info: <a href=\"https:\/\/www.tccuadernos.com\/temas-de-arquitectura\/161-vivienda-colectiva-social.html\" rel=\"nofollow noopener\" target=\"_blank\">https:\/\/www.tccuadernos.com\/temas-de-arquitectura\/161-vivienda-colectiva-social.html<\/a><\/p>\n","protected":false},"excerpt":{"rendered":"<p>El n\u00ba 13 de la colecci\u00f3n Temas de Arquitectura de TC Cuadernos, dedicado a la Vivienda Colectiva, publica una selecci\u00f3n de 18 edificios residenciales realizados en Espa\u00f1a y Francia en los \u00faltimos a\u00f1os, que incluye dos obras de Mag\u00e9n Arquitectos: El Edificio de 68 VPA en la calle Biescas de Zaragoza, y el Edificio de [&hellip;]<\/p>\n","protected":false},"author":1,"featured_media":0,"comment_status":"open","ping_status":"open","sticky":false,"template":"","format":"standard","meta":{"_monsterinsights_skip_tracking":false,"_monsterinsights_sitenote_active":false,"_monsterinsights_sitenote_note":"","_monsterinsights_sitenote_category":0},"categories":[132,90,95],"tags":[87,89,98,111,179,96,99,74],"_links":{"self":[{"href":"https:\/\/magenarquitectos.com\/en\/wp-json\/wp\/v2\/posts\/2357"}],"collection":[{"href":"https:\/\/magenarquitectos.com\/en\/wp-json\/wp\/v2\/posts"}],"about":[{"href":"https:\/\/magenarquitectos.com\/en\/wp-json\/wp\/v2\/types\/post"}],"author":[{"embeddable":true,"href":"https:\/\/magenarquitectos.com\/en\/wp-json\/wp\/v2\/users\/1"}],"replies":[{"embeddable":true,"href":"https:\/\/magenarquitectos.com\/en\/wp-json\/wp\/v2\/comments?post=2357"}],"version-history":[{"count":2,"href":"https:\/\/magenarquitectos.com\/en\/wp-json\/wp\/v2\/posts\/2357\/revisions"}],"predecessor-version":[{"id":14954,"href":"https:\/\/magenarquitectos.com\/en\/wp-json\/wp\/v2\/posts\/2357\/revisions\/14954"}],"wp:attachment":[{"href":"https:\/\/magenarquitectos.com\/en\/wp-json\/wp\/v2\/media?parent=2357"}],"wp:term":[{"taxonomy":"category","embeddable":true,"href":"https:\/\/magenarquitectos.com\/en\/wp-json\/wp\/v2\/categories?post=2357"},{"taxonomy":"post_tag","embeddable":true,"href":"https:\/\/magenarquitectos.com\/en\/wp-json\/wp\/v2\/tags?post=2357"}],"curies":[{"name":"wp","href":"https:\/\/api.w.org\/{rel}","templated":true}]}}