{"id":2362,"date":"2011-09-15T15:45:49","date_gmt":"2011-09-15T15:45:49","guid":{"rendered":"http:\/\/magenarquitectos.wordpress.com\/?p=2362"},"modified":"2021-06-17T10:08:13","modified_gmt":"2021-06-17T10:08:13","slug":"premio-internacional-educared-para-el-colegio-rosales-del-canal","status":"publish","type":"post","link":"https:\/\/magenarquitectos.com\/en\/premio-internacional-educared-para-el-colegio-rosales-del-canal\/","title":{"rendered":"Premio Internacional Educared para el colegio Rosales del Canal."},"content":{"rendered":"<p><img loading=\"lazy\" class=\"aligncenter size-full wp-image-2374\" title=\"29555\" src=\"http:\/\/magenarquitectos.files.wordpress.com\/2011\/09\/29555.jpg\" alt=\"\" width=\"420\" height=\"284\"><br \/>\nEl CEIP Rosales del Canal, de Zaragoza, ha logrado el Primer Premio Internacional Educared 2011, impulsado por la Fundaci\u00f3n Telef\u00f3nica, en la categor\u00eda I (infantil) y modalidad A (trabajos de profesores con escolares) gracias a una wiki centrada en la obra del artista aragon\u00e9s Isidro Ferrer. El profesor responsable es Domingo Santab\u00e1rbara y los escolares, de 3\u00ba de infantil.<\/p>\n<p>Enhorabuena!<\/p>\n<p>+info: <a href=\"http:\/\/www.elperiodicodearagon.com\/noticias\/aragon\/premio-internacional-para-rosales-del-canal_700692.html\" rel=\"nofollow noopener\" target=\"_blank\">www.elperiodicodearagon.com\/noticias\/aragon\/premio-internacional-para-rosales-del-canal_700692.html<\/a><\/p>\n","protected":false},"excerpt":{"rendered":"<p>El CEIP Rosales del Canal, de Zaragoza, ha logrado el Primer Premio Internacional Educared 2011, impulsado por la Fundaci\u00f3n Telef\u00f3nica, en la categor\u00eda I (infantil) y modalidad A (trabajos de profesores con escolares) gracias a una wiki centrada en la obra del artista aragon\u00e9s Isidro Ferrer. El profesor responsable es Domingo Santab\u00e1rbara y los escolares, [&hellip;]<\/p>\n","protected":false},"author":1,"featured_media":0,"comment_status":"open","ping_status":"open","sticky":false,"template":"","format":"standard","meta":{"_monsterinsights_skip_tracking":false,"_monsterinsights_sitenote_active":false,"_monsterinsights_sitenote_note":"","_monsterinsights_sitenote_category":0},"categories":[139,113],"tags":[62,134,80,140,141,70,143,74],"_links":{"self":[{"href":"https:\/\/magenarquitectos.com\/en\/wp-json\/wp\/v2\/posts\/2362"}],"collection":[{"href":"https:\/\/magenarquitectos.com\/en\/wp-json\/wp\/v2\/posts"}],"about":[{"href":"https:\/\/magenarquitectos.com\/en\/wp-json\/wp\/v2\/types\/post"}],"author":[{"embeddable":true,"href":"https:\/\/magenarquitectos.com\/en\/wp-json\/wp\/v2\/users\/1"}],"replies":[{"embeddable":true,"href":"https:\/\/magenarquitectos.com\/en\/wp-json\/wp\/v2\/comments?post=2362"}],"version-history":[{"count":1,"href":"https:\/\/magenarquitectos.com\/en\/wp-json\/wp\/v2\/posts\/2362\/revisions"}],"predecessor-version":[{"id":13574,"href":"https:\/\/magenarquitectos.com\/en\/wp-json\/wp\/v2\/posts\/2362\/revisions\/13574"}],"wp:attachment":[{"href":"https:\/\/magenarquitectos.com\/en\/wp-json\/wp\/v2\/media?parent=2362"}],"wp:term":[{"taxonomy":"category","embeddable":true,"href":"https:\/\/magenarquitectos.com\/en\/wp-json\/wp\/v2\/categories?post=2362"},{"taxonomy":"post_tag","embeddable":true,"href":"https:\/\/magenarquitectos.com\/en\/wp-json\/wp\/v2\/tags?post=2362"}],"curies":[{"name":"wp","href":"https:\/\/api.w.org\/{rel}","templated":true}]}}