{"id":2443,"date":"2011-10-17T08:18:30","date_gmt":"2011-10-17T08:18:30","guid":{"rendered":"http:\/\/magenarquitectos.wordpress.com\/?p=2443"},"modified":"2021-06-17T10:08:12","modified_gmt":"2021-06-17T10:08:12","slug":"xi-bienal-espanola-de-arquitectura-y-urbanismo-beau-exposicion-en-madrid","status":"publish","type":"post","link":"https:\/\/magenarquitectos.com\/en\/xi-bienal-espanola-de-arquitectura-y-urbanismo-beau-exposicion-en-madrid\/","title":{"rendered":"XI Bienal Espa\u00f1ola de Arquitectura y Urbanismo (BEAU). Exposici\u00f3n en Madrid."},"content":{"rendered":"<p><a href=\"https:\/\/magenarquitectos.com\/wp-content\/uploads\/2021\/06\/portada2_expo_beau.jpg\"><img loading=\"lazy\" class=\"size-full wp-image-8394 aligncenter\" src=\"https:\/\/magenarquitectos.com\/wp-content\/uploads\/2021\/06\/portada2_expo_beau.jpg\" alt=\"portada2_expo_beau\" width=\"660\" height=\"311\" title=\"\"><\/a><\/p>\n<p>El mi\u00e9rcoles 19 de octubre de 2011 se inaugura en la sala Zuazo de La Arquer\u00eda de los Nuevos Ministerios (Paseo de la Castellana, 67, Madrid) la exposici\u00f3n de la XI Bienal Espa\u00f1ola de Arquitectura y Urbanismo.<\/p>\n<p>La exposici\u00f3n permanecer\u00e1 all\u00ed hasta el 25 de diciembre de 2011 en el siguiente horario:<\/p>\n<p>Martes a S\u00e1bados<\/p>\n<p>Ma\u00f1ana: 10.00 &#8211; 14.00\u00a0\u00a0 Tarde 17.00 &#8211; 21.00<\/p>\n<p>Domingos<\/p>\n<p>Ma\u00f1ana 10.00 &#8211; 14.00<\/p>\n<p>Lunes cerrado<\/p>\n<p>A lo largo de las siguientes semanas se organizar\u00e1n una serie de conferencias\u00a0y actos paralelos que permitir\u00e1n continuar una reflexi\u00f3n cruzada, desde diferentes puntos de vista, sobre \u201cLo pr\u00f3ximo y lo necesario\u201d.<\/p>\n","protected":false},"excerpt":{"rendered":"<p>El mi\u00e9rcoles 19 de octubre de 2011 se inaugura en la sala Zuazo de La Arquer\u00eda de los Nuevos Ministerios (Paseo de la Castellana, 67, Madrid) la exposici\u00f3n de la XI Bienal Espa\u00f1ola de Arquitectura y Urbanismo. La exposici\u00f3n permanecer\u00e1 all\u00ed hasta el 25 de diciembre de 2011 en el siguiente horario: Martes a S\u00e1bados [&hellip;]<\/p>\n","protected":false},"author":1,"featured_media":0,"comment_status":"open","ping_status":"open","sticky":false,"template":"","format":"standard","meta":{"_monsterinsights_skip_tracking":false,"_monsterinsights_sitenote_active":false,"_monsterinsights_sitenote_note":"","_monsterinsights_sitenote_category":0},"categories":[175,76,77,78,65,69],"tags":[126,79,80,87,68,81,82,83],"_links":{"self":[{"href":"https:\/\/magenarquitectos.com\/en\/wp-json\/wp\/v2\/posts\/2443"}],"collection":[{"href":"https:\/\/magenarquitectos.com\/en\/wp-json\/wp\/v2\/posts"}],"about":[{"href":"https:\/\/magenarquitectos.com\/en\/wp-json\/wp\/v2\/types\/post"}],"author":[{"embeddable":true,"href":"https:\/\/magenarquitectos.com\/en\/wp-json\/wp\/v2\/users\/1"}],"replies":[{"embeddable":true,"href":"https:\/\/magenarquitectos.com\/en\/wp-json\/wp\/v2\/comments?post=2443"}],"version-history":[{"count":1,"href":"https:\/\/magenarquitectos.com\/en\/wp-json\/wp\/v2\/posts\/2443\/revisions"}],"predecessor-version":[{"id":13555,"href":"https:\/\/magenarquitectos.com\/en\/wp-json\/wp\/v2\/posts\/2443\/revisions\/13555"}],"wp:attachment":[{"href":"https:\/\/magenarquitectos.com\/en\/wp-json\/wp\/v2\/media?parent=2443"}],"wp:term":[{"taxonomy":"category","embeddable":true,"href":"https:\/\/magenarquitectos.com\/en\/wp-json\/wp\/v2\/categories?post=2443"},{"taxonomy":"post_tag","embeddable":true,"href":"https:\/\/magenarquitectos.com\/en\/wp-json\/wp\/v2\/tags?post=2443"}],"curies":[{"name":"wp","href":"https:\/\/api.w.org\/{rel}","templated":true}]}}