{"id":2480,"date":"2011-10-31T09:52:52","date_gmt":"2011-10-31T09:52:52","guid":{"rendered":"http:\/\/magenarquitectos.wordpress.com\/?p=2480"},"modified":"2021-06-17T10:08:11","modified_gmt":"2021-06-17T10:08:11","slug":"video-construccion-de-la-sede-de-la-comarca-del-bajo-martin-hijar-teruel","status":"publish","type":"post","link":"https:\/\/magenarquitectos.com\/en\/video-construccion-de-la-sede-de-la-comarca-del-bajo-martin-hijar-teruel\/","title":{"rendered":"V\u00eddeo: Construcci\u00f3n de la Sede de la Comarca del Bajo Mart\u00edn. H\u00edjar (Teruel)"},"content":{"rendered":"<p>Montaje audiovisual de fotograf\u00edas de las obras.<\/p>\n<p>Audiovisual editing of the construction process.<\/p>\n<p>[youtube=http:\/\/www.youtube.com\/watch?v=7U77N8ZO-Jg]<\/p>\n","protected":false},"excerpt":{"rendered":"<p>Montaje audiovisual de fotograf\u00edas de las obras. Audiovisual editing of the construction process. [youtube=http:\/\/www.youtube.com\/watch?v=7U77N8ZO-Jg]<\/p>\n","protected":false},"author":1,"featured_media":0,"comment_status":"open","ping_status":"open","sticky":false,"template":"","format":"standard","meta":{"_monsterinsights_skip_tracking":false,"_monsterinsights_sitenote_active":false,"_monsterinsights_sitenote_note":"","_monsterinsights_sitenote_category":0},"categories":[77,65,146],"tags":[100,101,102,103,104,105,147],"_links":{"self":[{"href":"https:\/\/magenarquitectos.com\/en\/wp-json\/wp\/v2\/posts\/2480"}],"collection":[{"href":"https:\/\/magenarquitectos.com\/en\/wp-json\/wp\/v2\/posts"}],"about":[{"href":"https:\/\/magenarquitectos.com\/en\/wp-json\/wp\/v2\/types\/post"}],"author":[{"embeddable":true,"href":"https:\/\/magenarquitectos.com\/en\/wp-json\/wp\/v2\/users\/1"}],"replies":[{"embeddable":true,"href":"https:\/\/magenarquitectos.com\/en\/wp-json\/wp\/v2\/comments?post=2480"}],"version-history":[{"count":1,"href":"https:\/\/magenarquitectos.com\/en\/wp-json\/wp\/v2\/posts\/2480\/revisions"}],"predecessor-version":[{"id":13543,"href":"https:\/\/magenarquitectos.com\/en\/wp-json\/wp\/v2\/posts\/2480\/revisions\/13543"}],"wp:attachment":[{"href":"https:\/\/magenarquitectos.com\/en\/wp-json\/wp\/v2\/media?parent=2480"}],"wp:term":[{"taxonomy":"category","embeddable":true,"href":"https:\/\/magenarquitectos.com\/en\/wp-json\/wp\/v2\/categories?post=2480"},{"taxonomy":"post_tag","embeddable":true,"href":"https:\/\/magenarquitectos.com\/en\/wp-json\/wp\/v2\/tags?post=2480"}],"curies":[{"name":"wp","href":"https:\/\/api.w.org\/{rel}","templated":true}]}}