{"id":2483,"date":"2011-11-02T12:20:33","date_gmt":"2011-11-02T12:20:33","guid":{"rendered":"http:\/\/magenarquitectos.wordpress.com\/?p=2483"},"modified":"2021-06-17T10:08:11","modified_gmt":"2021-06-17T10:08:11","slug":"articulo-de-fredy-massad-alicia-guerrero-yeste-sobre-magen-arquitectos-en-el-suplemento-culturas-de-la-vanguardia","status":"publish","type":"post","link":"https:\/\/magenarquitectos.com\/en\/articulo-de-fredy-massad-alicia-guerrero-yeste-sobre-magen-arquitectos-en-el-suplemento-culturas-de-la-vanguardia\/","title":{"rendered":"Art\u00edculo de Fredy Massad &#038; Alicia Guerrero Yeste sobre Mag\u00e9n Arquitectos, en el suplemento &#8220;cultura\/s&#8221; de La Vanguardia"},"content":{"rendered":"<p><a href=\"https:\/\/magenarquitectos.com\/wp-content\/uploads\/2021\/06\/culturaslvr.jpg\"><img loading=\"lazy\" class=\"size-full wp-image-8382 aligncenter\" src=\"https:\/\/magenarquitectos.com\/wp-content\/uploads\/2021\/06\/culturaslvr.jpg\" alt=\"culturaslvr\" width=\"341\" height=\"227\" title=\"\"><\/a><\/p>\n<p>Alicia Guerrero Yeste y Fredy Massad analizan la trayectoria del estudio en el suplemento &#8220;cultura\/s&#8221; de LA VANGUARDIA (02\/11\/2011).<\/p>\n<p><em>Extracto del art\u00edculo:<\/em><\/p>\n<p>&#8220;(..) La seriedad que distingue a la expresi\u00f3n arquitect\u00f3nica de Mag\u00e9n Arquitectos puede percibirse como primera evidencia de un pragmatismo cuidadoso y autoexigente sobre los procesos de investigaci\u00f3n, construcci\u00f3n y expectativas de uso con el que abordan cada unos de sus edificios y que les lleva a articular en cada actuaci\u00f3n una soluci\u00f3n que se percibe como precisa, clara y equilibrada.(..)&#8221;<\/p>\n","protected":false},"excerpt":{"rendered":"<p>Alicia Guerrero Yeste y Fredy Massad analizan la trayectoria del estudio en el suplemento &#8220;cultura\/s&#8221; de LA VANGUARDIA (02\/11\/2011). Extracto del art\u00edculo: &#8220;(..) La seriedad que distingue a la expresi\u00f3n arquitect\u00f3nica de Mag\u00e9n Arquitectos puede percibirse como primera evidencia de un pragmatismo cuidadoso y autoexigente sobre los procesos de investigaci\u00f3n, construcci\u00f3n y expectativas de uso [&hellip;]<\/p>\n","protected":false},"author":1,"featured_media":0,"comment_status":"open","ping_status":"open","sticky":false,"template":"","format":"standard","meta":{"_monsterinsights_skip_tracking":false,"_monsterinsights_sitenote_active":false,"_monsterinsights_sitenote_note":"","_monsterinsights_sitenote_category":0},"categories":[76,65,132,92],"tags":[87,178,123,183],"_links":{"self":[{"href":"https:\/\/magenarquitectos.com\/en\/wp-json\/wp\/v2\/posts\/2483"}],"collection":[{"href":"https:\/\/magenarquitectos.com\/en\/wp-json\/wp\/v2\/posts"}],"about":[{"href":"https:\/\/magenarquitectos.com\/en\/wp-json\/wp\/v2\/types\/post"}],"author":[{"embeddable":true,"href":"https:\/\/magenarquitectos.com\/en\/wp-json\/wp\/v2\/users\/1"}],"replies":[{"embeddable":true,"href":"https:\/\/magenarquitectos.com\/en\/wp-json\/wp\/v2\/comments?post=2483"}],"version-history":[{"count":1,"href":"https:\/\/magenarquitectos.com\/en\/wp-json\/wp\/v2\/posts\/2483\/revisions"}],"predecessor-version":[{"id":13542,"href":"https:\/\/magenarquitectos.com\/en\/wp-json\/wp\/v2\/posts\/2483\/revisions\/13542"}],"wp:attachment":[{"href":"https:\/\/magenarquitectos.com\/en\/wp-json\/wp\/v2\/media?parent=2483"}],"wp:term":[{"taxonomy":"category","embeddable":true,"href":"https:\/\/magenarquitectos.com\/en\/wp-json\/wp\/v2\/categories?post=2483"},{"taxonomy":"post_tag","embeddable":true,"href":"https:\/\/magenarquitectos.com\/en\/wp-json\/wp\/v2\/tags?post=2483"}],"curies":[{"name":"wp","href":"https:\/\/api.w.org\/{rel}","templated":true}]}}