{"id":2972,"date":"2011-11-14T08:00:56","date_gmt":"2011-11-14T08:00:56","guid":{"rendered":"http:\/\/magenarquitectos.wordpress.com\/?p=2972"},"modified":"2021-06-17T10:07:52","modified_gmt":"2021-06-17T10:07:52","slug":"xi-bienal-espanola-de-arquitectura-y-urbanismo-debate-joven","status":"publish","type":"post","link":"https:\/\/magenarquitectos.com\/en\/xi-bienal-espanola-de-arquitectura-y-urbanismo-debate-joven\/","title":{"rendered":"XI Bienal Espa\u00f1ola de Arquitectura y Urbanismo. Aproximaci\u00f3n cr\u00edtica: \u00bfJoven?"},"content":{"rendered":"<p><a href=\"https:\/\/magenarquitectos.com\/wp-content\/uploads\/2021\/06\/beau_xi-otoc3b1o_0.jpg\"><img loading=\"lazy\" class=\"size-full wp-image-8376 aligncenter\" src=\"https:\/\/magenarquitectos.com\/wp-content\/uploads\/2021\/06\/beau_xi-otoc3b1o_0.jpg\" alt=\"beau_xi-otoc3b1o_0\" width=\"660\" height=\"311\" title=\"\"><\/a><\/p>\n<p><strong>16 noviembre 2011<\/strong><\/p>\n<p>18h30<\/p>\n<p>El Aulario. La Arquer\u00eda. Nuevos Ministerios<\/p>\n<p>Paseo de la Castellana, 67 MADRID<\/p>\n<p>Presentaci\u00f3n obras premiadas<\/p>\n<p><strong>Jos\u00e9 M\u00aa S\u00e1nchez Garc\u00eda<\/strong><\/p>\n<p><strong>Josep Camps \/ Olga Felip<\/strong><\/p>\n<p><strong>Magen Arquitectos<\/strong><\/p>\n<p><strong>\u00a0<\/strong><\/p>\n<p>Aproximaci\u00f3n cr\u00edtica: <strong>\u00bfJOVEN? <\/strong><\/p>\n<p><strong>Enrique Encabo \/ Inmaculada Esteban<\/strong><\/p>\n<p>Debate moderado por <strong>F\u00e9lix Arranz<\/strong><\/p>\n<p><a href=\"http:\/\/magenarquitectos.files.wordpress.com\/2011\/11\/xibeau_cartel_otoc3b1o.jpg\" rel=\"nofollow noopener\" target=\"_blank\"><br \/>\n<\/a><\/p>\n","protected":false},"excerpt":{"rendered":"<p>16 noviembre 2011 18h30 El Aulario. La Arquer\u00eda. Nuevos Ministerios Paseo de la Castellana, 67 MADRID Presentaci\u00f3n obras premiadas Jos\u00e9 M\u00aa S\u00e1nchez Garc\u00eda Josep Camps \/ Olga Felip Magen Arquitectos \u00a0 Aproximaci\u00f3n cr\u00edtica: \u00bfJOVEN? Enrique Encabo \/ Inmaculada Esteban Debate moderado por F\u00e9lix Arranz<\/p>\n","protected":false},"author":1,"featured_media":0,"comment_status":"open","ping_status":"open","sticky":false,"template":"","format":"standard","meta":{"_monsterinsights_skip_tracking":false,"_monsterinsights_sitenote_active":false,"_monsterinsights_sitenote_note":"","_monsterinsights_sitenote_category":0},"categories":[175,130,131],"tags":[126,129,87],"_links":{"self":[{"href":"https:\/\/magenarquitectos.com\/en\/wp-json\/wp\/v2\/posts\/2972"}],"collection":[{"href":"https:\/\/magenarquitectos.com\/en\/wp-json\/wp\/v2\/posts"}],"about":[{"href":"https:\/\/magenarquitectos.com\/en\/wp-json\/wp\/v2\/types\/post"}],"author":[{"embeddable":true,"href":"https:\/\/magenarquitectos.com\/en\/wp-json\/wp\/v2\/users\/1"}],"replies":[{"embeddable":true,"href":"https:\/\/magenarquitectos.com\/en\/wp-json\/wp\/v2\/comments?post=2972"}],"version-history":[{"count":1,"href":"https:\/\/magenarquitectos.com\/en\/wp-json\/wp\/v2\/posts\/2972\/revisions"}],"predecessor-version":[{"id":13533,"href":"https:\/\/magenarquitectos.com\/en\/wp-json\/wp\/v2\/posts\/2972\/revisions\/13533"}],"wp:attachment":[{"href":"https:\/\/magenarquitectos.com\/en\/wp-json\/wp\/v2\/media?parent=2972"}],"wp:term":[{"taxonomy":"category","embeddable":true,"href":"https:\/\/magenarquitectos.com\/en\/wp-json\/wp\/v2\/categories?post=2972"},{"taxonomy":"post_tag","embeddable":true,"href":"https:\/\/magenarquitectos.com\/en\/wp-json\/wp\/v2\/tags?post=2972"}],"curies":[{"name":"wp","href":"https:\/\/api.w.org\/{rel}","templated":true}]}}