{"id":3187,"date":"2011-11-24T12:52:50","date_gmt":"2011-11-24T12:52:50","guid":{"rendered":"http:\/\/magenarquitectos.wordpress.com\/?p=3187"},"modified":"2021-06-17T10:07:52","modified_gmt":"2021-06-17T10:07:52","slug":"video-xi-bienal-espanola-de-arquitectura-y-urbanismo","status":"publish","type":"post","link":"https:\/\/magenarquitectos.com\/en\/video-xi-bienal-espanola-de-arquitectura-y-urbanismo\/","title":{"rendered":"V\u00eddeo. XI Bienal Espa\u00f1ola de Arquitectura y Urbanismo."},"content":{"rendered":"<p>V\u00eddeo de Reto Halme, fot\u00f3grafo y realizador de arquitectura.<\/p>\n<p><a href=\"http:\/\/videos.sorensonmedia.com\/reto+halme+photography\/BEAUX_HQ_MASTER\/447391b0J4f0d942bbLaf4925797add5962b\" rel=\"nofollow noopener\" target=\"_blank\">V\u00eddeo Exposici\u00f3n XI BEAU<\/a><\/p>\n","protected":false},"excerpt":{"rendered":"<p>V\u00eddeo de Reto Halme, fot\u00f3grafo y realizador de arquitectura. V\u00eddeo Exposici\u00f3n XI BEAU<\/p>\n","protected":false},"author":1,"featured_media":0,"comment_status":"open","ping_status":"open","sticky":false,"template":"","format":"standard","meta":{"_monsterinsights_skip_tracking":false,"_monsterinsights_sitenote_active":false,"_monsterinsights_sitenote_note":"","_monsterinsights_sitenote_category":0},"categories":[175,69,113,146],"tags":[126,79,87,81,82,83,147],"_links":{"self":[{"href":"https:\/\/magenarquitectos.com\/en\/wp-json\/wp\/v2\/posts\/3187"}],"collection":[{"href":"https:\/\/magenarquitectos.com\/en\/wp-json\/wp\/v2\/posts"}],"about":[{"href":"https:\/\/magenarquitectos.com\/en\/wp-json\/wp\/v2\/types\/post"}],"author":[{"embeddable":true,"href":"https:\/\/magenarquitectos.com\/en\/wp-json\/wp\/v2\/users\/1"}],"replies":[{"embeddable":true,"href":"https:\/\/magenarquitectos.com\/en\/wp-json\/wp\/v2\/comments?post=3187"}],"version-history":[{"count":1,"href":"https:\/\/magenarquitectos.com\/en\/wp-json\/wp\/v2\/posts\/3187\/revisions"}],"predecessor-version":[{"id":13526,"href":"https:\/\/magenarquitectos.com\/en\/wp-json\/wp\/v2\/posts\/3187\/revisions\/13526"}],"wp:attachment":[{"href":"https:\/\/magenarquitectos.com\/en\/wp-json\/wp\/v2\/media?parent=3187"}],"wp:term":[{"taxonomy":"category","embeddable":true,"href":"https:\/\/magenarquitectos.com\/en\/wp-json\/wp\/v2\/categories?post=3187"},{"taxonomy":"post_tag","embeddable":true,"href":"https:\/\/magenarquitectos.com\/en\/wp-json\/wp\/v2\/tags?post=3187"}],"curies":[{"name":"wp","href":"https:\/\/api.w.org\/{rel}","templated":true}]}}