{"id":3279,"date":"2011-11-28T10:05:17","date_gmt":"2011-11-28T10:05:17","guid":{"rendered":"http:\/\/magenarquitectos.wordpress.com\/?p=3279"},"modified":"2021-06-17T10:07:51","modified_gmt":"2021-06-17T10:07:51","slug":"xi-bienal-espanola-de-arquitectura-y-urbanismo-beau-conferencia-en-la-etsag-alcala-de-henares","status":"publish","type":"post","link":"https:\/\/magenarquitectos.com\/en\/xi-bienal-espanola-de-arquitectura-y-urbanismo-beau-conferencia-en-la-etsag-alcala-de-henares\/","title":{"rendered":"XI Bienal Espa\u00f1ola de Arquitectura y Urbanismo (BEAU). Conferencia en la ETSAG, Alcal\u00e1 de Henares"},"content":{"rendered":"<p><a href=\"https:\/\/magenarquitectos.com\/wp-content\/uploads\/2021\/06\/1130-cartel.jpg\"><img loading=\"lazy\" class=\"size-full wp-image-8371 aligncenter\" src=\"https:\/\/magenarquitectos.com\/wp-content\/uploads\/2021\/06\/1130-cartel.jpg\" alt=\"1130-cartel\" width=\"660\" height=\"466\" title=\"\"><\/a><\/p>\n<p>Mag\u00e9n Arquitectos presentar\u00e1 sus \u00faltimos proyectos en una conferencia en la Escuela T\u00e9cnica Superior de Arquitectura y Geodesia de la Universidad de Alcal\u00e1 de Henares el pr\u00f3ximo mi\u00e9rcoles 30 de noviembre, dentro del ciclo de Actividades de Oto\u00f1o de la XI Bienal Espa\u00f1ola de Arquitectura y Urbanismo.<\/p>\n<p>Mag\u00e9n Arquitectos will present their latest works in a conference given in ETSAG in Alcala de Henares next Wednesday, 30th November. The conference is part of the &#8220;Autumn Activities&#8221; cycle organizaed by XI Spanish Biennial of Architecture and Urbanism.<\/p>\n","protected":false},"excerpt":{"rendered":"<p>Mag\u00e9n Arquitectos presentar\u00e1 sus \u00faltimos proyectos en una conferencia en la Escuela T\u00e9cnica Superior de Arquitectura y Geodesia de la Universidad de Alcal\u00e1 de Henares el pr\u00f3ximo mi\u00e9rcoles 30 de noviembre, dentro del ciclo de Actividades de Oto\u00f1o de la XI Bienal Espa\u00f1ola de Arquitectura y Urbanismo. Mag\u00e9n Arquitectos will present their latest works in [&hellip;]<\/p>\n","protected":false},"author":1,"featured_media":0,"comment_status":"open","ping_status":"open","sticky":false,"template":"","format":"standard","meta":{"_monsterinsights_skip_tracking":false,"_monsterinsights_sitenote_active":false,"_monsterinsights_sitenote_note":"","_monsterinsights_sitenote_category":0},"categories":[175,76,164,78,65,130,113,131,165],"tags":[126,129,79,80,87,81,82,83],"_links":{"self":[{"href":"https:\/\/magenarquitectos.com\/en\/wp-json\/wp\/v2\/posts\/3279"}],"collection":[{"href":"https:\/\/magenarquitectos.com\/en\/wp-json\/wp\/v2\/posts"}],"about":[{"href":"https:\/\/magenarquitectos.com\/en\/wp-json\/wp\/v2\/types\/post"}],"author":[{"embeddable":true,"href":"https:\/\/magenarquitectos.com\/en\/wp-json\/wp\/v2\/users\/1"}],"replies":[{"embeddable":true,"href":"https:\/\/magenarquitectos.com\/en\/wp-json\/wp\/v2\/comments?post=3279"}],"version-history":[{"count":1,"href":"https:\/\/magenarquitectos.com\/en\/wp-json\/wp\/v2\/posts\/3279\/revisions"}],"predecessor-version":[{"id":13525,"href":"https:\/\/magenarquitectos.com\/en\/wp-json\/wp\/v2\/posts\/3279\/revisions\/13525"}],"wp:attachment":[{"href":"https:\/\/magenarquitectos.com\/en\/wp-json\/wp\/v2\/media?parent=3279"}],"wp:term":[{"taxonomy":"category","embeddable":true,"href":"https:\/\/magenarquitectos.com\/en\/wp-json\/wp\/v2\/categories?post=3279"},{"taxonomy":"post_tag","embeddable":true,"href":"https:\/\/magenarquitectos.com\/en\/wp-json\/wp\/v2\/tags?post=3279"}],"curies":[{"name":"wp","href":"https:\/\/api.w.org\/{rel}","templated":true}]}}