{"id":3295,"date":"2011-12-05T09:00:51","date_gmt":"2011-12-05T09:00:51","guid":{"rendered":"http:\/\/magenarquitectos.wordpress.com\/?p=3295"},"modified":"2021-06-17T10:07:51","modified_gmt":"2021-06-17T10:07:51","slug":"el-centro-ambiental-del-ebro-acoge-la-exposicion-zaragoza-verde-y-azul-las-riberas-del-ebro","status":"publish","type":"post","link":"https:\/\/magenarquitectos.com\/en\/el-centro-ambiental-del-ebro-acoge-la-exposicion-zaragoza-verde-y-azul-las-riberas-del-ebro\/","title":{"rendered":"El Centro Ambiental del Ebro acoge la exposici\u00f3n &#8220;Zaragoza verde y azul: las riberas del Ebro&#8221;"},"content":{"rendered":"<p><a href=\"https:\/\/magenarquitectos.com\/wp-content\/uploads\/2021\/06\/invitacic3b3n-zaragoza-verde-y-azul.jpg\"><img loading=\"lazy\" class=\"size-full wp-image-8367 aligncenter\" src=\"https:\/\/magenarquitectos.com\/wp-content\/uploads\/2021\/06\/invitacic3b3n-zaragoza-verde-y-azul.jpg\" alt=\"invitacic3b3n-zaragoza-verde-y-azul\" width=\"420\" height=\"595\" title=\"\"><\/a><\/p>\n<p>El Centro Ambiental del Ebro acoge desde hoy y hasta el pr\u00f3ximo 2 de febrero la exposici\u00f3n &#8220;Zaragoza verde y azul: las riberas del Ebro&#8221;, que se podr\u00e1 visitar, excepto los lunes, los d\u00edas laborales en horario de 18:00 a 20:00 horas y los festivos de 12:00 a 14:00 horas.<\/p>\n<p>La muestra pretende exponer cu\u00e1nto y c\u00f3mo se ha transformado Zaragoza en la \u00faltima d\u00e9cada. La exposici\u00f3n invita a un recorrido por el tramo urbano del Ebro, desde Ranillas hasta la desembocadura del G\u00e1llego, con un gui\u00f1o hasta La Alfranca.<\/p>\n<p>La mirada del fot\u00f3grafo se detiene en los aspectos m\u00e1s significativos de las operaciones realizadas: la vida natural de los sotos, la ampliaci\u00f3n del cauce y retranqueo de las motas, las nuevas pasarelas y puentes, los parques lineales polifuncionales, los parques renovados, los nuevos equipamientos que a\u00f1aden centralidad y procuran el acercamiento al r\u00edo, las intervenciones art\u00edsticas que ponen acento a cada tramo y la l\u00e1mina de agua que permite reconocer perspectivas in\u00e9ditas de la ciudad. Se trata de operaciones de gran envergadura y resultado de las acciones estrat\u00e9gicas desarrolladas en los \u00faltimos a\u00f1os para la renovaci\u00f3n de la imagen, estructura y dinamismo de la ciudad.<\/p>\n<p>Adem\u00e1s, la exposici\u00f3n recuerda que el r\u00edo que ya no se percibe como peligro o amenaza, sino como pr\u00f3ximo, amigo y hermoso. Las im\u00e1genes demuestran que los cauces se han convertido en lugares accesibles y de encuentro, las riberas en espacios llenos de actividad y de personas y los diques en parques lineales.<\/p>\n<p>Por tanto, la muestra exhibe el lugar de encuentro en el que se han convertido las riberas de los r\u00edos de Zaragoza, donde la poblaci\u00f3n disfruta con la naturaleza y los elementos simb\u00f3licos, tradicionales y nuevos de la ciudad.<\/p>\n","protected":false},"excerpt":{"rendered":"<p>El Centro Ambiental del Ebro acoge desde hoy y hasta el pr\u00f3ximo 2 de febrero la exposici\u00f3n &#8220;Zaragoza verde y azul: las riberas del Ebro&#8221;, que se podr\u00e1 visitar, excepto los lunes, los d\u00edas laborales en horario de 18:00 a 20:00 horas y los festivos de 12:00 a 14:00 horas. La muestra pretende exponer cu\u00e1nto [&hellip;]<\/p>\n","protected":false},"author":1,"featured_media":0,"comment_status":"open","ping_status":"open","sticky":false,"template":"","format":"standard","meta":{"_monsterinsights_skip_tracking":false,"_monsterinsights_sitenote_active":false,"_monsterinsights_sitenote_note":"","_monsterinsights_sitenote_category":0},"categories":[76,77,78,65,69],"tags":[79,80,68,81,82,83,74],"_links":{"self":[{"href":"https:\/\/magenarquitectos.com\/en\/wp-json\/wp\/v2\/posts\/3295"}],"collection":[{"href":"https:\/\/magenarquitectos.com\/en\/wp-json\/wp\/v2\/posts"}],"about":[{"href":"https:\/\/magenarquitectos.com\/en\/wp-json\/wp\/v2\/types\/post"}],"author":[{"embeddable":true,"href":"https:\/\/magenarquitectos.com\/en\/wp-json\/wp\/v2\/users\/1"}],"replies":[{"embeddable":true,"href":"https:\/\/magenarquitectos.com\/en\/wp-json\/wp\/v2\/comments?post=3295"}],"version-history":[{"count":1,"href":"https:\/\/magenarquitectos.com\/en\/wp-json\/wp\/v2\/posts\/3295\/revisions"}],"predecessor-version":[{"id":13519,"href":"https:\/\/magenarquitectos.com\/en\/wp-json\/wp\/v2\/posts\/3295\/revisions\/13519"}],"wp:attachment":[{"href":"https:\/\/magenarquitectos.com\/en\/wp-json\/wp\/v2\/media?parent=3295"}],"wp:term":[{"taxonomy":"category","embeddable":true,"href":"https:\/\/magenarquitectos.com\/en\/wp-json\/wp\/v2\/categories?post=3295"},{"taxonomy":"post_tag","embeddable":true,"href":"https:\/\/magenarquitectos.com\/en\/wp-json\/wp\/v2\/tags?post=3295"}],"curies":[{"name":"wp","href":"https:\/\/api.w.org\/{rel}","templated":true}]}}