{"id":3301,"date":"2011-12-08T09:00:28","date_gmt":"2011-12-08T09:00:28","guid":{"rendered":"http:\/\/magenarquitectos.wordpress.com\/?p=3301"},"modified":"2021-06-17T10:07:51","modified_gmt":"2021-06-17T10:07:51","slug":"casa-julve-en-designerdesigning-magazine","status":"publish","type":"post","link":"https:\/\/magenarquitectos.com\/en\/casa-julve-en-designerdesigning-magazine\/","title":{"rendered":"Casa Julve publicada en Designer&#038;Designing magazine (China)"},"content":{"rendered":"<p>La Rehabilitaci\u00f3n de la Casa Julve en el Casco Hist\u00f3rico de Alca\u00f1iz, publicado en la revista de arquitectura &#8220;Designer&amp;Designing&#8221;, n\u00ba 8\/2011.<\/p>\n<p>Chinese architectural publication &#8220;Designer&amp;Designing&#8221; features the Renovation of Casa Julve in Alca\u00f1iz in its 8\/2011 issue.<\/p>\n<p style=\"text-align: center;\"><a href=\"https:\/\/magenarquitectos.com\/wp-content\/uploads\/2021\/06\/designer_blog.jpg\"><img loading=\"lazy\" class=\"alignnone size-full wp-image-8365\" src=\"https:\/\/magenarquitectos.com\/wp-content\/uploads\/2021\/06\/designer_blog.jpg\" alt=\"designer_blog\" width=\"516\" height=\"709\" title=\"\"><\/a><\/p>\n","protected":false},"excerpt":{"rendered":"<p>La Rehabilitaci\u00f3n de la Casa Julve en el Casco Hist\u00f3rico de Alca\u00f1iz, publicado en la revista de arquitectura &#8220;Designer&amp;Designing&#8221;, n\u00ba 8\/2011. Chinese architectural publication &#8220;Designer&amp;Designing&#8221; features the Renovation of Casa Julve in Alca\u00f1iz in its 8\/2011 issue.<\/p>\n","protected":false},"author":1,"featured_media":0,"comment_status":"open","ping_status":"open","sticky":false,"template":"","format":"standard","meta":{"_monsterinsights_skip_tracking":false,"_monsterinsights_sitenote_active":false,"_monsterinsights_sitenote_note":"","_monsterinsights_sitenote_category":0},"categories":[65,66,139,90,92],"tags":[133,118,80,140,89,93,94],"_links":{"self":[{"href":"https:\/\/magenarquitectos.com\/en\/wp-json\/wp\/v2\/posts\/3301"}],"collection":[{"href":"https:\/\/magenarquitectos.com\/en\/wp-json\/wp\/v2\/posts"}],"about":[{"href":"https:\/\/magenarquitectos.com\/en\/wp-json\/wp\/v2\/types\/post"}],"author":[{"embeddable":true,"href":"https:\/\/magenarquitectos.com\/en\/wp-json\/wp\/v2\/users\/1"}],"replies":[{"embeddable":true,"href":"https:\/\/magenarquitectos.com\/en\/wp-json\/wp\/v2\/comments?post=3301"}],"version-history":[{"count":1,"href":"https:\/\/magenarquitectos.com\/en\/wp-json\/wp\/v2\/posts\/3301\/revisions"}],"predecessor-version":[{"id":13516,"href":"https:\/\/magenarquitectos.com\/en\/wp-json\/wp\/v2\/posts\/3301\/revisions\/13516"}],"wp:attachment":[{"href":"https:\/\/magenarquitectos.com\/en\/wp-json\/wp\/v2\/media?parent=3301"}],"wp:term":[{"taxonomy":"category","embeddable":true,"href":"https:\/\/magenarquitectos.com\/en\/wp-json\/wp\/v2\/categories?post=3301"},{"taxonomy":"post_tag","embeddable":true,"href":"https:\/\/magenarquitectos.com\/en\/wp-json\/wp\/v2\/tags?post=3301"}],"curies":[{"name":"wp","href":"https:\/\/api.w.org\/{rel}","templated":true}]}}