{"id":3306,"date":"2011-12-12T09:00:26","date_gmt":"2011-12-12T09:00:26","guid":{"rendered":"http:\/\/magenarquitectos.wordpress.com\/?p=3306"},"modified":"2021-06-17T10:07:51","modified_gmt":"2021-06-17T10:07:51","slug":"congreso-escuela-y-arquitectura-construccion-diseno-y-uso-de-los-espacios-escolares-al-servicio-de-la-calidad-de-la-educacion","status":"publish","type":"post","link":"https:\/\/magenarquitectos.com\/en\/congreso-escuela-y-arquitectura-construccion-diseno-y-uso-de-los-espacios-escolares-al-servicio-de-la-calidad-de-la-educacion\/","title":{"rendered":"Congreso &#8220;Escuela y Arquitectura. Construcci\u00f3n, dise\u00f1o y uso de los espacios escolares al servicio de la calidad de la Educaci\u00f3n&#8221;"},"content":{"rendered":"<p><a href=\"https:\/\/magenarquitectos.com\/wp-content\/uploads\/2021\/06\/image-02.jpg\"><img loading=\"lazy\" class=\"size-full wp-image-8362 aligncenter\" src=\"https:\/\/magenarquitectos.com\/wp-content\/uploads\/2021\/06\/image-02.jpg\" alt=\"image-02\" width=\"660\" height=\"375\" title=\"\"><\/a><\/p>\n<p>Mario Torrado, director del CEIP Rosales del Canal, interviene en el Congreso &#8220;Escuela y Arquitectura. Construcci\u00f3n, dise\u00f1o y uso de los espacios escolares al servicio de la calidad de la Educaci\u00f3n&#8221;, que se celebra en Zaragoza los d\u00edas 12, 13 y 14 de diciembre de 2011, en la\u00a0mesa de debate \u00a0&#8220;C\u00f3mo dise\u00f1ar un centro educativo y adaptarlo al curr\u00edculo&#8221;.<\/p>\n<p>Mario Torrado,\u00a0principal of Kindergarten Rosales del Canal, by Mag\u00e9n Arquitectos, will take part in the Congress &#8220;Schools and Architecture. Building, design and use of the scholar areas to serve educational quality&#8221;, to be hold in Zaragoza on 12nd, 13rd and 14th December 2011, in the debate &#8220;How to design a school building and adapt it to educational curriculum&#8221;<\/p>\n","protected":false},"excerpt":{"rendered":"<p>Mario Torrado, director del CEIP Rosales del Canal, interviene en el Congreso &#8220;Escuela y Arquitectura. Construcci\u00f3n, dise\u00f1o y uso de los espacios escolares al servicio de la calidad de la Educaci\u00f3n&#8221;, que se celebra en Zaragoza los d\u00edas 12, 13 y 14 de diciembre de 2011, en la\u00a0mesa de debate \u00a0&#8220;C\u00f3mo dise\u00f1ar un centro educativo [&hellip;]<\/p>\n","protected":false},"author":1,"featured_media":0,"comment_status":"open","ping_status":"open","sticky":false,"template":"","format":"standard","meta":{"_monsterinsights_skip_tracking":false,"_monsterinsights_sitenote_active":false,"_monsterinsights_sitenote_note":"","_monsterinsights_sitenote_category":0},"categories":[65,139,130,131],"tags":[184,185,134,80,140,141,142,143,74],"_links":{"self":[{"href":"https:\/\/magenarquitectos.com\/en\/wp-json\/wp\/v2\/posts\/3306"}],"collection":[{"href":"https:\/\/magenarquitectos.com\/en\/wp-json\/wp\/v2\/posts"}],"about":[{"href":"https:\/\/magenarquitectos.com\/en\/wp-json\/wp\/v2\/types\/post"}],"author":[{"embeddable":true,"href":"https:\/\/magenarquitectos.com\/en\/wp-json\/wp\/v2\/users\/1"}],"replies":[{"embeddable":true,"href":"https:\/\/magenarquitectos.com\/en\/wp-json\/wp\/v2\/comments?post=3306"}],"version-history":[{"count":1,"href":"https:\/\/magenarquitectos.com\/en\/wp-json\/wp\/v2\/posts\/3306\/revisions"}],"predecessor-version":[{"id":13513,"href":"https:\/\/magenarquitectos.com\/en\/wp-json\/wp\/v2\/posts\/3306\/revisions\/13513"}],"wp:attachment":[{"href":"https:\/\/magenarquitectos.com\/en\/wp-json\/wp\/v2\/media?parent=3306"}],"wp:term":[{"taxonomy":"category","embeddable":true,"href":"https:\/\/magenarquitectos.com\/en\/wp-json\/wp\/v2\/categories?post=3306"},{"taxonomy":"post_tag","embeddable":true,"href":"https:\/\/magenarquitectos.com\/en\/wp-json\/wp\/v2\/tags?post=3306"}],"curies":[{"name":"wp","href":"https:\/\/api.w.org\/{rel}","templated":true}]}}