{"id":3312,"date":"2011-12-15T09:00:40","date_gmt":"2011-12-15T09:00:40","guid":{"rendered":"http:\/\/magenarquitectos.wordpress.com\/?p=3312"},"modified":"2021-06-17T10:07:50","modified_gmt":"2021-06-17T10:07:50","slug":"el-libro-guarderias-manual-practico-y-37-proyectos-publicado-por-links-books","status":"publish","type":"post","link":"https:\/\/magenarquitectos.com\/en\/el-libro-guarderias-manual-practico-y-37-proyectos-publicado-por-links-books\/","title":{"rendered":"El libro &#8220;Guarder\u00edas. Manual pr\u00e1ctico y 37 proyectos&#8221;, publicado por Links Books."},"content":{"rendered":"<p style=\"text-align: center;\"><a href=\"https:\/\/magenarquitectos.com\/wp-content\/uploads\/2021\/06\/guarderias_blog.jpg\"><img loading=\"lazy\" class=\"alignnone size-full wp-image-8360\" src=\"https:\/\/magenarquitectos.com\/wp-content\/uploads\/2021\/06\/guarderias_blog.jpg\" alt=\"guarderias_blog\" width=\"462\" height=\"626\" title=\"\"><\/a><\/p>\n<p>El libro incluye una selecci\u00f3n de 37 guarder\u00edas modernas con tal de representar los proyectos m\u00e1s diversos dentro de un amplio n\u00famero de contextos. El cambio social, las nuevas estrategias pedag\u00f3gicas y las tecnolog\u00edas sostenibles requieren unos nuevos planeamientos y soluciones de dise\u00f1o, por lo tanto, los antiguos patrones de dise\u00f1o de guarder\u00edas han sido desestimados. El renovado inter\u00e9s en este campo est\u00e1 dando lugar a un gran n\u00famero de guarder\u00edas con una arquitectura de alta calidad que combina el innovador dise\u00f1o ecol\u00f3gico para ni\u00f1os con las actuales sensibilidades de dise\u00f1o.<\/p>\n<p>The book includes a selection of 37 modern kindergartens that represent the most diverse projects within a wide range of contexts. Social change, new teaching strategies and sustainable technologies require a new planning and design solutions, therefore, the old kindergarten design patterns have been dismissed. The renewed interest in this field is leading to a large number of kindergartens with high quality architecture that combines the innovative green design for children with current design sensibilities.<br \/>\n&#8220;Guarder\u00edas. Manual b\u00e1sico y 37 proyectos&#8221;<br \/>\nJure Kotnik<br \/>\nEditorial Links Books<br \/>\n300 p\u00e1gs, 29&#215;25 cm<br \/>\nISBN 978-84-92796-30-4<\/p>\n","protected":false},"excerpt":{"rendered":"<p>El libro incluye una selecci\u00f3n de 37 guarder\u00edas modernas con tal de representar los proyectos m\u00e1s diversos dentro de un amplio n\u00famero de contextos. El cambio social, las nuevas estrategias pedag\u00f3gicas y las tecnolog\u00edas sostenibles requieren unos nuevos planeamientos y soluciones de dise\u00f1o, por lo tanto, los antiguos patrones de dise\u00f1o de guarder\u00edas han sido [&hellip;]<\/p>\n","protected":false},"author":1,"featured_media":0,"comment_status":"open","ping_status":"open","sticky":false,"template":"","format":"standard","meta":{"_monsterinsights_skip_tracking":false,"_monsterinsights_sitenote_active":false,"_monsterinsights_sitenote_note":"","_monsterinsights_sitenote_category":0},"categories":[65,139,90],"tags":[119,134,80,140,87,141,142,143,74],"_links":{"self":[{"href":"https:\/\/magenarquitectos.com\/en\/wp-json\/wp\/v2\/posts\/3312"}],"collection":[{"href":"https:\/\/magenarquitectos.com\/en\/wp-json\/wp\/v2\/posts"}],"about":[{"href":"https:\/\/magenarquitectos.com\/en\/wp-json\/wp\/v2\/types\/post"}],"author":[{"embeddable":true,"href":"https:\/\/magenarquitectos.com\/en\/wp-json\/wp\/v2\/users\/1"}],"replies":[{"embeddable":true,"href":"https:\/\/magenarquitectos.com\/en\/wp-json\/wp\/v2\/comments?post=3312"}],"version-history":[{"count":1,"href":"https:\/\/magenarquitectos.com\/en\/wp-json\/wp\/v2\/posts\/3312\/revisions"}],"predecessor-version":[{"id":13510,"href":"https:\/\/magenarquitectos.com\/en\/wp-json\/wp\/v2\/posts\/3312\/revisions\/13510"}],"wp:attachment":[{"href":"https:\/\/magenarquitectos.com\/en\/wp-json\/wp\/v2\/media?parent=3312"}],"wp:term":[{"taxonomy":"category","embeddable":true,"href":"https:\/\/magenarquitectos.com\/en\/wp-json\/wp\/v2\/categories?post=3312"},{"taxonomy":"post_tag","embeddable":true,"href":"https:\/\/magenarquitectos.com\/en\/wp-json\/wp\/v2\/tags?post=3312"}],"curies":[{"name":"wp","href":"https:\/\/api.w.org\/{rel}","templated":true}]}}