{"id":3320,"date":"2011-12-19T09:00:23","date_gmt":"2011-12-19T09:00:23","guid":{"rendered":"http:\/\/magenarquitectos.wordpress.com\/?p=3320"},"modified":"2021-06-17T10:07:50","modified_gmt":"2021-06-17T10:07:50","slug":"lo-proximo-lo-necesario-como-lema-en-heraldo-de-aragon","status":"publish","type":"post","link":"https:\/\/magenarquitectos.com\/en\/lo-proximo-lo-necesario-como-lema-en-heraldo-de-aragon\/","title":{"rendered":"&#8220;&#8221;Lo pr\u00f3ximo, lo necesario&#8221; como lema&#8221; en Heraldo de Arag\u00f3n"},"content":{"rendered":"<p>Art\u00edculo &#8220;&#8221;Lo pr\u00f3ximo, lo necesario&#8221; como lema&#8221;, del arquitecto Ricardo Marco, en el suplemento cultural Artes y Letras de Heraldo de Arag\u00f3n.<\/p>\n<p>Article &#8220;&#8221;The next, the need&#8221; as motto&#8221;, by architect Ricardo Marco, in the cultural supplement of the newspaper Heraldo de Aragon.<\/p>\n<p style=\"text-align: center;\"><a href=\"https:\/\/magenarquitectos.com\/wp-content\/uploads\/2021\/06\/hap003ayl_20111215co-copia.jpg\"><img loading=\"lazy\" class=\"alignnone size-full wp-image-8358\" src=\"https:\/\/magenarquitectos.com\/wp-content\/uploads\/2021\/06\/hap003ayl_20111215co-copia.jpg\" alt=\"hap003ayl_20111215co-copia\" width=\"462\" height=\"651\" title=\"\"><\/a><\/p>\n","protected":false},"excerpt":{"rendered":"<p>Art\u00edculo &#8220;&#8221;Lo pr\u00f3ximo, lo necesario&#8221; como lema&#8221;, del arquitecto Ricardo Marco, en el suplemento cultural Artes y Letras de Heraldo de Arag\u00f3n. Article &#8220;&#8221;The next, the need&#8221; as motto&#8221;, by architect Ricardo Marco, in the cultural supplement of the newspaper Heraldo de Aragon.<\/p>\n","protected":false},"author":1,"featured_media":0,"comment_status":"open","ping_status":"open","sticky":false,"template":"","format":"standard","meta":{"_monsterinsights_skip_tracking":false,"_monsterinsights_sitenote_active":false,"_monsterinsights_sitenote_note":"","_monsterinsights_sitenote_category":0},"categories":[175,76,77,78,65,113,90],"tags":[126,79,80,122,81,123,82,83],"_links":{"self":[{"href":"https:\/\/magenarquitectos.com\/en\/wp-json\/wp\/v2\/posts\/3320"}],"collection":[{"href":"https:\/\/magenarquitectos.com\/en\/wp-json\/wp\/v2\/posts"}],"about":[{"href":"https:\/\/magenarquitectos.com\/en\/wp-json\/wp\/v2\/types\/post"}],"author":[{"embeddable":true,"href":"https:\/\/magenarquitectos.com\/en\/wp-json\/wp\/v2\/users\/1"}],"replies":[{"embeddable":true,"href":"https:\/\/magenarquitectos.com\/en\/wp-json\/wp\/v2\/comments?post=3320"}],"version-history":[{"count":1,"href":"https:\/\/magenarquitectos.com\/en\/wp-json\/wp\/v2\/posts\/3320\/revisions"}],"predecessor-version":[{"id":13507,"href":"https:\/\/magenarquitectos.com\/en\/wp-json\/wp\/v2\/posts\/3320\/revisions\/13507"}],"wp:attachment":[{"href":"https:\/\/magenarquitectos.com\/en\/wp-json\/wp\/v2\/media?parent=3320"}],"wp:term":[{"taxonomy":"category","embeddable":true,"href":"https:\/\/magenarquitectos.com\/en\/wp-json\/wp\/v2\/categories?post=3320"},{"taxonomy":"post_tag","embeddable":true,"href":"https:\/\/magenarquitectos.com\/en\/wp-json\/wp\/v2\/tags?post=3320"}],"curies":[{"name":"wp","href":"https:\/\/api.w.org\/{rel}","templated":true}]}}