{"id":3326,"date":"2011-12-22T09:00:17","date_gmt":"2011-12-22T09:00:17","guid":{"rendered":"http:\/\/magenarquitectos.wordpress.com\/?p=3326"},"modified":"2021-06-17T10:07:50","modified_gmt":"2021-06-17T10:07:50","slug":"feliz-navidad-merry-christmas","status":"publish","type":"post","link":"https:\/\/magenarquitectos.com\/en\/feliz-navidad-merry-christmas\/","title":{"rendered":"Feliz Navidad &#8211; Merry Christmas"},"content":{"rendered":"<p style=\"text-align: center;\"><a href=\"https:\/\/magenarquitectos.com\/wp-content\/uploads\/2021\/06\/christmas2.jpg\"><img loading=\"lazy\" class=\"alignnone size-full wp-image-8356\" src=\"https:\/\/magenarquitectos.com\/wp-content\/uploads\/2021\/06\/christmas2.jpg\" alt=\"christmas2\" width=\"670\" height=\"446\" title=\"\"><\/a><\/p>\n<p>Jaime y Francisco Javier Mag\u00e9n participar\u00e1n en el programa especial de Nochevieja de Arag\u00f3n Televisi\u00f3n.<\/p>\n","protected":false},"excerpt":{"rendered":"<p>Jaime y Francisco Javier Mag\u00e9n participar\u00e1n en el programa especial de Nochevieja de Arag\u00f3n Televisi\u00f3n.<\/p>\n","protected":false},"author":1,"featured_media":0,"comment_status":"open","ping_status":"open","sticky":false,"template":"","format":"standard","meta":{"_monsterinsights_skip_tracking":false,"_monsterinsights_sitenote_active":false,"_monsterinsights_sitenote_note":"","_monsterinsights_sitenote_category":0},"categories":[],"tags":[186],"_links":{"self":[{"href":"https:\/\/magenarquitectos.com\/en\/wp-json\/wp\/v2\/posts\/3326"}],"collection":[{"href":"https:\/\/magenarquitectos.com\/en\/wp-json\/wp\/v2\/posts"}],"about":[{"href":"https:\/\/magenarquitectos.com\/en\/wp-json\/wp\/v2\/types\/post"}],"author":[{"embeddable":true,"href":"https:\/\/magenarquitectos.com\/en\/wp-json\/wp\/v2\/users\/1"}],"replies":[{"embeddable":true,"href":"https:\/\/magenarquitectos.com\/en\/wp-json\/wp\/v2\/comments?post=3326"}],"version-history":[{"count":1,"href":"https:\/\/magenarquitectos.com\/en\/wp-json\/wp\/v2\/posts\/3326\/revisions"}],"predecessor-version":[{"id":13504,"href":"https:\/\/magenarquitectos.com\/en\/wp-json\/wp\/v2\/posts\/3326\/revisions\/13504"}],"wp:attachment":[{"href":"https:\/\/magenarquitectos.com\/en\/wp-json\/wp\/v2\/media?parent=3326"}],"wp:term":[{"taxonomy":"category","embeddable":true,"href":"https:\/\/magenarquitectos.com\/en\/wp-json\/wp\/v2\/categories?post=3326"},{"taxonomy":"post_tag","embeddable":true,"href":"https:\/\/magenarquitectos.com\/en\/wp-json\/wp\/v2\/tags?post=3326"}],"curies":[{"name":"wp","href":"https:\/\/api.w.org\/{rel}","templated":true}]}}