{"id":3832,"date":"2012-02-06T10:55:14","date_gmt":"2012-02-06T10:55:14","guid":{"rendered":"http:\/\/magenarquitectos.wordpress.com\/?p=3832"},"modified":"2022-06-03T06:56:47","modified_gmt":"2022-06-03T06:56:47","slug":"article-the-iberian-context-published-in-the-ribajournal","status":"publish","type":"post","link":"https:\/\/magenarquitectos.com\/en\/article-the-iberian-context-published-in-the-ribajournal\/","title":{"rendered":"Article &#8220;The iberian context&#8221;, published in the RIBA journal."},"content":{"rendered":"<p><a href=\"https:\/\/magenarquitectos.com\/wp-content\/uploads\/2021\/06\/riba_logo2.gif\"><img loading=\"lazy\" class=\"size-full wp-image-8344 aligncenter\" src=\"https:\/\/magenarquitectos.com\/wp-content\/uploads\/2021\/06\/riba_logo2.gif\" alt=\"riba_logo\" width=\"315\" height=\"28\" title=\"\"><\/a><\/p>\n<p>RIBA Journal, the magazine of the Royal Institute of British Architects, has published the article &#8220;The Iberian context&#8221; by Ricardo Mer\u00ed de la Maza in its February 2011 issue. It analyzes the current situation of architecture in Spain and mentions several works, including Environmental Unit Headquarters in Zaragoza by Magen Arquitectos.<\/p>\n<p>RIBA Journal,\u00a0la\u00a0revista\u00a0del Royal Institute of British Architects, publica el art\u00edculo &#8220;The Iberian context&#8221; en la edici\u00f3n de Febrero de 2011. Su autor, Ricardo Mer\u00ed de la Maza, analiza la situaci\u00f3n actual de la arquitectura en Espa\u00f1a, mencionando varias obras, entre ellas la Sede del Servicio de Medio Ambiente de Mag\u00e9n Arquitectos.<br \/>\n<a href=\"https:\/\/www.ribaj.com\/\" rel=\"nofollow noopener\" target=\"_blank\">+ info: https:\/\/www.ribaj.com\/<\/a><\/p>\n","protected":false},"excerpt":{"rendered":"<p>RIBA Journal, the magazine of the Royal Institute of British Architects, has published the article &#8220;The Iberian context&#8221; by Ricardo Mer\u00ed de la Maza in its February 2011 issue. It analyzes the current situation of architecture in Spain and mentions several works, including Environmental Unit Headquarters in Zaragoza by Magen Arquitectos. RIBA Journal,\u00a0la\u00a0revista\u00a0del Royal Institute [&hellip;]<\/p>\n","protected":false},"author":1,"featured_media":0,"comment_status":"open","ping_status":"open","sticky":false,"template":"","format":"standard","meta":{"_monsterinsights_skip_tracking":false,"_monsterinsights_sitenote_active":false,"_monsterinsights_sitenote_note":"","_monsterinsights_sitenote_category":0},"categories":[90],"tags":[79,155,89,81,82,83],"_links":{"self":[{"href":"https:\/\/magenarquitectos.com\/en\/wp-json\/wp\/v2\/posts\/3832"}],"collection":[{"href":"https:\/\/magenarquitectos.com\/en\/wp-json\/wp\/v2\/posts"}],"about":[{"href":"https:\/\/magenarquitectos.com\/en\/wp-json\/wp\/v2\/types\/post"}],"author":[{"embeddable":true,"href":"https:\/\/magenarquitectos.com\/en\/wp-json\/wp\/v2\/users\/1"}],"replies":[{"embeddable":true,"href":"https:\/\/magenarquitectos.com\/en\/wp-json\/wp\/v2\/comments?post=3832"}],"version-history":[{"count":4,"href":"https:\/\/magenarquitectos.com\/en\/wp-json\/wp\/v2\/posts\/3832\/revisions"}],"predecessor-version":[{"id":16400,"href":"https:\/\/magenarquitectos.com\/en\/wp-json\/wp\/v2\/posts\/3832\/revisions\/16400"}],"wp:attachment":[{"href":"https:\/\/magenarquitectos.com\/en\/wp-json\/wp\/v2\/media?parent=3832"}],"wp:term":[{"taxonomy":"category","embeddable":true,"href":"https:\/\/magenarquitectos.com\/en\/wp-json\/wp\/v2\/categories?post=3832"},{"taxonomy":"post_tag","embeddable":true,"href":"https:\/\/magenarquitectos.com\/en\/wp-json\/wp\/v2\/tags?post=3832"}],"curies":[{"name":"wp","href":"https:\/\/api.w.org\/{rel}","templated":true}]}}