{"id":3842,"date":"2012-02-02T09:18:21","date_gmt":"2012-02-02T09:18:21","guid":{"rendered":"http:\/\/magenarquitectos.wordpress.com\/?p=3842"},"modified":"2021-06-17T10:07:49","modified_gmt":"2021-06-17T10:07:49","slug":"guia-de-estudios-de-arquitectura-de-espana-2011-2012","status":"publish","type":"post","link":"https:\/\/magenarquitectos.com\/en\/guia-de-estudios-de-arquitectura-de-espana-2011-2012\/","title":{"rendered":"Gu\u00eda de estudios de Arquitectura de Espa\u00f1a. 2011-2012."},"content":{"rendered":"<p>Mag\u00e9n Arquitectos,\u00a0 en la \u201cGu\u00eda de estudios de Arquitectura de Espa\u00f1a 2011-2012\u2033, publicada por Promateriales, entre una selecci\u00f3n de 350 estudios espa\u00f1oles.<\/p>\n<p>Mag\u00e9n Arquitectos\u00a0 published in\u00a0 &#8220;Guide of\u00a0 Spanish architectural studios 2011-2012&#8221;, by Promateriales.<\/p>\n<p style=\"text-align: center;\"><a href=\"https:\/\/magenarquitectos.com\/wp-content\/uploads\/2021\/06\/guia-promateriales-baja1.jpg\"><img loading=\"lazy\" class=\"alignnone size-full wp-image-8346\" src=\"https:\/\/magenarquitectos.com\/wp-content\/uploads\/2021\/06\/guia-promateriales-baja1.jpg\" alt=\"guia-promateriales-baja\" width=\"407\" height=\"567\" title=\"\"><\/a><\/p>\n","protected":false},"excerpt":{"rendered":"<p>Mag\u00e9n Arquitectos,\u00a0 en la \u201cGu\u00eda de estudios de Arquitectura de Espa\u00f1a 2011-2012\u2033, publicada por Promateriales, entre una selecci\u00f3n de 350 estudios espa\u00f1oles. Mag\u00e9n Arquitectos\u00a0 published in\u00a0 &#8220;Guide of\u00a0 Spanish architectural studios 2011-2012&#8221;, by Promateriales.<\/p>\n","protected":false},"author":1,"featured_media":0,"comment_status":"open","ping_status":"open","sticky":false,"template":"","format":"standard","meta":{"_monsterinsights_skip_tracking":false,"_monsterinsights_sitenote_active":false,"_monsterinsights_sitenote_note":"","_monsterinsights_sitenote_category":0},"categories":[90],"tags":[119,87],"_links":{"self":[{"href":"https:\/\/magenarquitectos.com\/en\/wp-json\/wp\/v2\/posts\/3842"}],"collection":[{"href":"https:\/\/magenarquitectos.com\/en\/wp-json\/wp\/v2\/posts"}],"about":[{"href":"https:\/\/magenarquitectos.com\/en\/wp-json\/wp\/v2\/types\/post"}],"author":[{"embeddable":true,"href":"https:\/\/magenarquitectos.com\/en\/wp-json\/wp\/v2\/users\/1"}],"replies":[{"embeddable":true,"href":"https:\/\/magenarquitectos.com\/en\/wp-json\/wp\/v2\/comments?post=3842"}],"version-history":[{"count":1,"href":"https:\/\/magenarquitectos.com\/en\/wp-json\/wp\/v2\/posts\/3842\/revisions"}],"predecessor-version":[{"id":13479,"href":"https:\/\/magenarquitectos.com\/en\/wp-json\/wp\/v2\/posts\/3842\/revisions\/13479"}],"wp:attachment":[{"href":"https:\/\/magenarquitectos.com\/en\/wp-json\/wp\/v2\/media?parent=3842"}],"wp:term":[{"taxonomy":"category","embeddable":true,"href":"https:\/\/magenarquitectos.com\/en\/wp-json\/wp\/v2\/categories?post=3842"},{"taxonomy":"post_tag","embeddable":true,"href":"https:\/\/magenarquitectos.com\/en\/wp-json\/wp\/v2\/tags?post=3842"}],"curies":[{"name":"wp","href":"https:\/\/api.w.org\/{rel}","templated":true}]}}