{"id":4226,"date":"2012-03-22T13:11:36","date_gmt":"2012-03-22T13:11:36","guid":{"rendered":"http:\/\/magenarquitectos.wordpress.com\/?p=4226"},"modified":"2021-06-17T10:07:47","modified_gmt":"2021-06-17T10:07:47","slug":"xi-beau-en-sevilla","status":"publish","type":"post","link":"https:\/\/magenarquitectos.com\/en\/xi-beau-en-sevilla\/","title":{"rendered":"XI BEAU en Sevilla"},"content":{"rendered":"<p><a href=\"https:\/\/magenarquitectos.com\/wp-content\/uploads\/2021\/06\/foto2011.jpg\"><img loading=\"lazy\" class=\"size-full wp-image-8338 aligncenter\" src=\"https:\/\/magenarquitectos.com\/wp-content\/uploads\/2021\/06\/foto2011.jpg\" alt=\"foto201\" width=\"660\" height=\"442\" title=\"\"><\/a><\/p>\n<p>Fotograf\u00eda\u00a0realizada por Manuel Ruiz Zamora e Inmaculada Montaldo del \u00faltimo montaje de la exposici\u00f3n de la XI BEAU en Sevilla.<\/p>\n<p>La exposici\u00f3n se puede visitar hasta el 31 de marzo de 2012 en\u00a0 el Antiguo Convento de Santa Mar\u00eda de los Reyes (Calle Santiago 33 41003 Sevilla).<\/p>\n","protected":false},"excerpt":{"rendered":"<p>Fotograf\u00eda\u00a0realizada por Manuel Ruiz Zamora e Inmaculada Montaldo del \u00faltimo montaje de la exposici\u00f3n de la XI BEAU en Sevilla. La exposici\u00f3n se puede visitar hasta el 31 de marzo de 2012 en\u00a0 el Antiguo Convento de Santa Mar\u00eda de los Reyes (Calle Santiago 33 41003 Sevilla).<\/p>\n","protected":false},"author":1,"featured_media":0,"comment_status":"open","ping_status":"open","sticky":false,"template":"","format":"standard","meta":{"_monsterinsights_skip_tracking":false,"_monsterinsights_sitenote_active":false,"_monsterinsights_sitenote_note":"","_monsterinsights_sitenote_category":0},"categories":[175,69,113],"tags":[62,126,68,70],"_links":{"self":[{"href":"https:\/\/magenarquitectos.com\/en\/wp-json\/wp\/v2\/posts\/4226"}],"collection":[{"href":"https:\/\/magenarquitectos.com\/en\/wp-json\/wp\/v2\/posts"}],"about":[{"href":"https:\/\/magenarquitectos.com\/en\/wp-json\/wp\/v2\/types\/post"}],"author":[{"embeddable":true,"href":"https:\/\/magenarquitectos.com\/en\/wp-json\/wp\/v2\/users\/1"}],"replies":[{"embeddable":true,"href":"https:\/\/magenarquitectos.com\/en\/wp-json\/wp\/v2\/comments?post=4226"}],"version-history":[{"count":1,"href":"https:\/\/magenarquitectos.com\/en\/wp-json\/wp\/v2\/posts\/4226\/revisions"}],"predecessor-version":[{"id":13455,"href":"https:\/\/magenarquitectos.com\/en\/wp-json\/wp\/v2\/posts\/4226\/revisions\/13455"}],"wp:attachment":[{"href":"https:\/\/magenarquitectos.com\/en\/wp-json\/wp\/v2\/media?parent=4226"}],"wp:term":[{"taxonomy":"category","embeddable":true,"href":"https:\/\/magenarquitectos.com\/en\/wp-json\/wp\/v2\/categories?post=4226"},{"taxonomy":"post_tag","embeddable":true,"href":"https:\/\/magenarquitectos.com\/en\/wp-json\/wp\/v2\/tags?post=4226"}],"curies":[{"name":"wp","href":"https:\/\/api.w.org\/{rel}","templated":true}]}}