{"id":4465,"date":"2012-04-04T08:07:02","date_gmt":"2012-04-04T08:07:02","guid":{"rendered":"http:\/\/magenarquitectos.wordpress.com\/?p=4465"},"modified":"2021-06-17T10:07:47","modified_gmt":"2021-06-17T10:07:47","slug":"casa-julve-en-architektur","status":"publish","type":"post","link":"https:\/\/magenarquitectos.com\/en\/casa-julve-en-architektur\/","title":{"rendered":"Casa Julve publicada en Architektur (Austria)"},"content":{"rendered":"<p>La Rehabilitaci\u00f3n de la Casa Julve en el Casco Hist\u00f3rico de Alca\u00f1iz, publicado en la revista de arquitectura &#8220;Architektur&#8221;, n\u00ba 01\/2012.<\/p>\n<p>Austrian architectural publication &#8220;Architektur&#8221; features the Renovation of Casa Julve in Alca\u00f1iz in its 01\/2012 issue.<\/p>\n<p style=\"text-align: center;\"><a href=\"https:\/\/magenarquitectos.com\/wp-content\/uploads\/2021\/06\/architektur0112_101-copia1.jpg\"><img loading=\"lazy\" class=\"alignnone size-full wp-image-8340\" src=\"https:\/\/magenarquitectos.com\/wp-content\/uploads\/2021\/06\/architektur0112_101-copia1.jpg\" alt=\"architektur0112_101-copia\" width=\"461\" height=\"638\" title=\"\"><\/a><\/p>\n","protected":false},"excerpt":{"rendered":"<p>La Rehabilitaci\u00f3n de la Casa Julve en el Casco Hist\u00f3rico de Alca\u00f1iz, publicado en la revista de arquitectura &#8220;Architektur&#8221;, n\u00ba 01\/2012. Austrian architectural publication &#8220;Architektur&#8221; features the Renovation of Casa Julve in Alca\u00f1iz in its 01\/2012 issue.<\/p>\n","protected":false},"author":1,"featured_media":0,"comment_status":"open","ping_status":"open","sticky":false,"template":"","format":"standard","meta":{"_monsterinsights_skip_tracking":false,"_monsterinsights_sitenote_active":false,"_monsterinsights_sitenote_note":"","_monsterinsights_sitenote_category":0},"categories":[65,90,92],"tags":[133,190,80,89,93,94],"_links":{"self":[{"href":"https:\/\/magenarquitectos.com\/en\/wp-json\/wp\/v2\/posts\/4465"}],"collection":[{"href":"https:\/\/magenarquitectos.com\/en\/wp-json\/wp\/v2\/posts"}],"about":[{"href":"https:\/\/magenarquitectos.com\/en\/wp-json\/wp\/v2\/types\/post"}],"author":[{"embeddable":true,"href":"https:\/\/magenarquitectos.com\/en\/wp-json\/wp\/v2\/users\/1"}],"replies":[{"embeddable":true,"href":"https:\/\/magenarquitectos.com\/en\/wp-json\/wp\/v2\/comments?post=4465"}],"version-history":[{"count":1,"href":"https:\/\/magenarquitectos.com\/en\/wp-json\/wp\/v2\/posts\/4465\/revisions"}],"predecessor-version":[{"id":13449,"href":"https:\/\/magenarquitectos.com\/en\/wp-json\/wp\/v2\/posts\/4465\/revisions\/13449"}],"wp:attachment":[{"href":"https:\/\/magenarquitectos.com\/en\/wp-json\/wp\/v2\/media?parent=4465"}],"wp:term":[{"taxonomy":"category","embeddable":true,"href":"https:\/\/magenarquitectos.com\/en\/wp-json\/wp\/v2\/categories?post=4465"},{"taxonomy":"post_tag","embeddable":true,"href":"https:\/\/magenarquitectos.com\/en\/wp-json\/wp\/v2\/tags?post=4465"}],"curies":[{"name":"wp","href":"https:\/\/api.w.org\/{rel}","templated":true}]}}