{"id":4514,"date":"2012-05-02T10:31:26","date_gmt":"2012-05-02T10:31:26","guid":{"rendered":"http:\/\/magenarquitectos.wordpress.com\/?p=4514"},"modified":"2021-06-17T10:07:47","modified_gmt":"2021-06-17T10:07:47","slug":"la-sede-de-la-comarca-del-bajo-martin-en-e-travellers","status":"publish","type":"post","link":"https:\/\/magenarquitectos.com\/en\/la-sede-de-la-comarca-del-bajo-martin-en-e-travellers\/","title":{"rendered":"La Sede de la Comarca del Bajo Mart\u00edn publicada en E-travellers (China)"},"content":{"rendered":"<p>La Sede de la Comarca del Bajo Mart\u00edn, publicada en la la revista china E-travellers, n\u00famero 9.<\/p>\n<p>Hong-kong-based trendy-magazine &#8220;E-travellers&#8221; features the Bajo Martin County Seat in its issue 9.<\/p>\n<p style=\"text-align: center;\"><a href=\"https:\/\/magenarquitectos.com\/wp-content\/uploads\/2021\/06\/etravellers-blog1.jpg\"><img loading=\"lazy\" class=\"alignnone size-full wp-image-8306\" src=\"https:\/\/magenarquitectos.com\/wp-content\/uploads\/2021\/06\/etravellers-blog1.jpg\" alt=\"etravellers-blog1\" width=\"416\" height=\"115\" title=\"\"><\/a><\/p>\n","protected":false},"excerpt":{"rendered":"<p>La Sede de la Comarca del Bajo Mart\u00edn, publicada en la la revista china E-travellers, n\u00famero 9. Hong-kong-based trendy-magazine &#8220;E-travellers&#8221; features the Bajo Martin County Seat in its issue 9.<\/p>\n","protected":false},"author":1,"featured_media":0,"comment_status":"open","ping_status":"open","sticky":false,"template":"","format":"standard","meta":{"_monsterinsights_skip_tracking":false,"_monsterinsights_sitenote_active":false,"_monsterinsights_sitenote_note":"","_monsterinsights_sitenote_category":0},"categories":[77,65,90],"tags":[100,101,102,118,103,89,104,105],"_links":{"self":[{"href":"https:\/\/magenarquitectos.com\/en\/wp-json\/wp\/v2\/posts\/4514"}],"collection":[{"href":"https:\/\/magenarquitectos.com\/en\/wp-json\/wp\/v2\/posts"}],"about":[{"href":"https:\/\/magenarquitectos.com\/en\/wp-json\/wp\/v2\/types\/post"}],"author":[{"embeddable":true,"href":"https:\/\/magenarquitectos.com\/en\/wp-json\/wp\/v2\/users\/1"}],"replies":[{"embeddable":true,"href":"https:\/\/magenarquitectos.com\/en\/wp-json\/wp\/v2\/comments?post=4514"}],"version-history":[{"count":1,"href":"https:\/\/magenarquitectos.com\/en\/wp-json\/wp\/v2\/posts\/4514\/revisions"}],"predecessor-version":[{"id":13437,"href":"https:\/\/magenarquitectos.com\/en\/wp-json\/wp\/v2\/posts\/4514\/revisions\/13437"}],"wp:attachment":[{"href":"https:\/\/magenarquitectos.com\/en\/wp-json\/wp\/v2\/media?parent=4514"}],"wp:term":[{"taxonomy":"category","embeddable":true,"href":"https:\/\/magenarquitectos.com\/en\/wp-json\/wp\/v2\/categories?post=4514"},{"taxonomy":"post_tag","embeddable":true,"href":"https:\/\/magenarquitectos.com\/en\/wp-json\/wp\/v2\/tags?post=4514"}],"curies":[{"name":"wp","href":"https:\/\/api.w.org\/{rel}","templated":true}]}}