{"id":4535,"date":"2012-05-17T09:16:24","date_gmt":"2012-05-17T09:16:24","guid":{"rendered":"http:\/\/magenarquitectos.wordpress.com\/?p=4535"},"modified":"2021-06-17T10:07:46","modified_gmt":"2021-06-17T10:07:46","slug":"inauguracion-de-la-sede-de-la-comarca-del-bajo-martin-en-hijar-teruel","status":"publish","type":"post","link":"https:\/\/magenarquitectos.com\/en\/inauguracion-de-la-sede-de-la-comarca-del-bajo-martin-en-hijar-teruel\/","title":{"rendered":"Inauguraci\u00f3n de la Sede de la Comarca del Bajo Mart\u00edn, en H\u00edjar (Teruel)"},"content":{"rendered":"<p><a href=\"https:\/\/magenarquitectos.com\/wp-content\/uploads\/2021\/06\/inauguracion-21.jpg\"><img loading=\"lazy\" class=\"size-full wp-image-8299 aligncenter\" src=\"https:\/\/magenarquitectos.com\/wp-content\/uploads\/2021\/06\/inauguracion-21.jpg\" alt=\"inauguracion-2\" width=\"425\" height=\"319\" title=\"\"><\/a><\/p>\n<p>El acto de inauguraci\u00f3n fue presidido por el consejero de Pol\u00edtica Territorial e Interior del Gobierno de Arag\u00f3n, Antonio Su\u00e1rez, que estuvo acompa\u00f1ado, entre otros\u00a0del presidente de la comarca, Antonio del R\u00edo, y el alcalde de H\u00edjar, Luis Carlos Marques\u00e1n, y tambi\u00e9n de los arquitectos Jaime y Francisco Javier Mag\u00e9n, autores del proyecto.<\/p>\n","protected":false},"excerpt":{"rendered":"<p>El acto de inauguraci\u00f3n fue presidido por el consejero de Pol\u00edtica Territorial e Interior del Gobierno de Arag\u00f3n, Antonio Su\u00e1rez, que estuvo acompa\u00f1ado, entre otros\u00a0del presidente de la comarca, Antonio del R\u00edo, y el alcalde de H\u00edjar, Luis Carlos Marques\u00e1n, y tambi\u00e9n de los arquitectos Jaime y Francisco Javier Mag\u00e9n, autores del proyecto.<\/p>\n","protected":false},"author":1,"featured_media":0,"comment_status":"open","ping_status":"open","sticky":false,"template":"","format":"standard","meta":{"_monsterinsights_skip_tracking":false,"_monsterinsights_sitenote_active":false,"_monsterinsights_sitenote_note":"","_monsterinsights_sitenote_category":0},"categories":[77,65],"tags":[100,101,102,103,104,105],"_links":{"self":[{"href":"https:\/\/magenarquitectos.com\/en\/wp-json\/wp\/v2\/posts\/4535"}],"collection":[{"href":"https:\/\/magenarquitectos.com\/en\/wp-json\/wp\/v2\/posts"}],"about":[{"href":"https:\/\/magenarquitectos.com\/en\/wp-json\/wp\/v2\/types\/post"}],"author":[{"embeddable":true,"href":"https:\/\/magenarquitectos.com\/en\/wp-json\/wp\/v2\/users\/1"}],"replies":[{"embeddable":true,"href":"https:\/\/magenarquitectos.com\/en\/wp-json\/wp\/v2\/comments?post=4535"}],"version-history":[{"count":1,"href":"https:\/\/magenarquitectos.com\/en\/wp-json\/wp\/v2\/posts\/4535\/revisions"}],"predecessor-version":[{"id":13428,"href":"https:\/\/magenarquitectos.com\/en\/wp-json\/wp\/v2\/posts\/4535\/revisions\/13428"}],"wp:attachment":[{"href":"https:\/\/magenarquitectos.com\/en\/wp-json\/wp\/v2\/media?parent=4535"}],"wp:term":[{"taxonomy":"category","embeddable":true,"href":"https:\/\/magenarquitectos.com\/en\/wp-json\/wp\/v2\/categories?post=4535"},{"taxonomy":"post_tag","embeddable":true,"href":"https:\/\/magenarquitectos.com\/en\/wp-json\/wp\/v2\/tags?post=4535"}],"curies":[{"name":"wp","href":"https:\/\/api.w.org\/{rel}","templated":true}]}}